{"id":18680,"date":"2007-07-09T16:09:59","date_gmt":"2007-07-09T16:09:59","guid":{"rendered":"https:\/\/obscom.intervozes.org.br\/wordpress\/?p=18680"},"modified":"2007-07-09T16:09:59","modified_gmt":"2007-07-09T16:09:59","slug":"sociedade-civil-da-continuidade-a-organizacao-da-conferencia","status":"publish","type":"post","link":"https:\/\/obscom.intervozes.org.br\/?p=18680","title":{"rendered":"Sociedade civil d\u00e1 continuidade \u00e0 organiza\u00e7\u00e3o da Confer\u00eancia"},"content":{"rendered":"<p>A&nbsp;Comiss&atilde;o pr&oacute;-Confer&ecirc;ncia, reunida na &uacute;ltima sexta-feira, na C&acirc;mara Federal, organiza suas a&ccedil;&otilde;es estrat&eacute;gicas na constru&ccedil;&atilde;o da Confer&ecirc;ncia Nacional de Comunica&ccedil;&atilde;o a partir de um calend&aacute;rio formalizado entre as entidades que j&aacute; participam do grupo formado a partir do <a href=\"http:\/\/www.fndc.org.br\/internas.php?p=noticias&amp;cont_key=163726\">Encontro Nacional de Comunica&ccedil;&atilde;o <\/a>e com abertura para receber novas entidades que chegam para ampliar o movimento. &Eacute; o caso da Ordem dos Advogados do Brasil, por exemplo, que passa a participar dessa constru&ccedil;&atilde;o. <\/p>\n<p>O F&oacute;rum Nacional pela Democratiza&ccedil;&atilde;o da Comunica&ccedil;&atilde;o (FNDC), Federa&ccedil;&atilde;o Nacional dos Jornalistas (Fenaj), Conselho Federal de Psicologia (CFP), Comiss&atilde;o de Direitos Humanos da C&acirc;mara, Intervozes, Federa&ccedil;&atilde;o Interestadual de Trabalhadores em Radiodifus&atilde;o e Televis&atilde;o (Fitert), Associa&ccedil;&atilde;o Brasileira de Radiodifus&atilde;o Comunit&aacute;ria (Abra&ccedil;o), Laborat&oacute;rio de Pol&iacute;ticas em Comunica&ccedil;&atilde;o da Universidade de Bras&iacute;lia (LaPCom\/UnB), Minist&eacute;rio P&uacute;blico Federal, Associa&ccedil;&atilde;o Mundial de R&aacute;dios Comunit&aacute;rias (Amarc Brasil) e Movimento Nacional dos Direitos Humanos j&aacute; indicaram representantes &agrave; comiss&atilde;o. <\/p>\n<p>&ldquo;Vamos nos reunir formalmente a cada 15 dias, em Bras&iacute;lia, para reuni&otilde;es que durar&atilde;o quatro horas, com car&aacute;ter deliberativo&rdquo;, relata o psic&oacute;logo Marcos Ferreira, membro do CFP e do FNDC, entidade representa na Comiss&atilde;o. Ele explica que poder&atilde;o acontecer reuni&otilde;es intermedi&aacute;rias, mas ser&atilde;o para opera&ccedil;&atilde;o das pol&iacute;ticas definidas. Todas as entidades que se aproximem saber&atilde;o que h&aacute; um momento de delibera&ccedil;&atilde;o e todas as entidades dever&atilde;o participar das decis&otilde;es tomadas pela comiss&atilde;o.<\/p>\n<p>No horizonte bem pr&oacute;ximo, h&aacute; o congresso que est&aacute; sendo chamado pelo Minist&eacute;rio da Comunica&ccedil;&atilde;o, que tamb&eacute;m ser&aacute; pr&eacute;-Confer&ecirc;ncia. O ministro H&eacute;lio Costa quer promover o evento em agosto. &ldquo;Estamos muito contentes com a decis&atilde;o do ministro, da C&acirc;mara e do Senado, com este Congresso preparat&oacute;rio para a Confer&ecirc;ncia (15 e 16 de agosto)&rdquo;, afirma Ferreira. A comiss&atilde;o pr&oacute;-confer&ecirc;ncia convida todas as entidades que comp&otilde;em a base do coletivo a participar desses dois dias (uma programa&ccedil;&atilde;o mais t&eacute;cnica no primeiro dia e uma mais pol&iacute;tica no segundo dia) em Bras&iacute;lia.<\/p>\n<p>Ferreira afirma que o esfor&ccedil;o principal, hoje, &eacute; o de abarcar e receber todas as for&ccedil;as e contribui&ccedil;&otilde;es na comiss&atilde;o, que est&aacute; no &acirc;mbito da sociedade civil e serve para mobilizar para a Confer&ecirc;ncia. Para isto, foram designadas tr&ecirc;s fun&ccedil;&otilde;es b&aacute;sicas para a comiss&atilde;o: interlocu&ccedil;&atilde;o com &oacute;rg&atilde;os do governo e representativos dos setores empresariais; mobiliza&ccedil;&atilde;o da sociedade civil; articula&ccedil;&atilde;o. Nesse sentido, al&eacute;m de outras a&ccedil;&otilde;es, haver&aacute; produ&ccedil;&atilde;o e distribui&ccedil;&atilde;o de material &ndash; cartazes e cartilhas &ndash; para esclarecer e mobilizar a popula&ccedil;&atilde;o. &ldquo;Vamos fazer um esfor&ccedil;o para que o assunto transcenda as dire&ccedil;&otilde;es dos movimentos e seja apropriado pelos profissionais e cidad&atilde;os representados&rdquo;, declara Ferreira.<\/p>\n<p><img loading=\"lazy\" decoding=\"async\" src=\"images\/stories\/politica_publicacoes\/c_invertido_pq.png\" alt=\"Active Image\" width=\"15\" height=\"15\" \/><\/p>\n","protected":false},"excerpt":{"rendered":"<p>A&nbsp;Comiss&atilde;o pr&oacute;-Confer&ecirc;ncia, reunida na &uacute;ltima sexta-feira, na C&acirc;mara Federal, organiza suas a&ccedil;&otilde;es estrat&eacute;gicas na constru&ccedil;&atilde;o da Confer&ecirc;ncia Nacional de Comunica&ccedil;&atilde;o a partir de um calend&aacute;rio formalizado entre as entidades que j&aacute; participam do grupo formado a partir do Encontro Nacional de Comunica&ccedil;&atilde;o e com abertura para receber novas entidades que chegam para ampliar o movimento. &hellip; <a href=\"https:\/\/obscom.intervozes.org.br\/?p=18680\" class=\"more-link\">Continue lendo <span class=\"screen-reader-text\">Sociedade civil d\u00e1 continuidade \u00e0 organiza\u00e7\u00e3o da Confer\u00eancia<\/span> <span class=\"meta-nav\">&rarr;<\/span><\/a><\/p>\n","protected":false},"author":1,"featured_media":0,"comment_status":"open","ping_status":"open","sticky":false,"template":"","format":"standard","meta":{"footnotes":""},"categories":[40],"tags":[137],"_links":{"self":[{"href":"https:\/\/obscom.intervozes.org.br\/index.php?rest_route=\/wp\/v2\/posts\/18680"}],"collection":[{"href":"https:\/\/obscom.intervozes.org.br\/index.php?rest_route=\/wp\/v2\/posts"}],"about":[{"href":"https:\/\/obscom.intervozes.org.br\/index.php?rest_route=\/wp\/v2\/types\/post"}],"author":[{"embeddable":true,"href":"https:\/\/obscom.intervozes.org.br\/index.php?rest_route=\/wp\/v2\/users\/1"}],"replies":[{"embeddable":true,"href":"https:\/\/obscom.intervozes.org.br\/index.php?rest_route=%2Fwp%2Fv2%2Fcomments&post=18680"}],"version-history":[{"count":0,"href":"https:\/\/obscom.intervozes.org.br\/index.php?rest_route=\/wp\/v2\/posts\/18680\/revisions"}],"wp:attachment":[{"href":"https:\/\/obscom.intervozes.org.br\/index.php?rest_route=%2Fwp%2Fv2%2Fmedia&parent=18680"}],"wp:term":[{"taxonomy":"category","embeddable":true,"href":"https:\/\/obscom.intervozes.org.br\/index.php?rest_route=%2Fwp%2Fv2%2Fcategories&post=18680"},{"taxonomy":"post_tag","embeddable":true,"href":"https:\/\/obscom.intervozes.org.br\/index.php?rest_route=%2Fwp%2Fv2%2Ftags&post=18680"}],"curies":[{"name":"wp","href":"https:\/\/api.w.org\/{rel}","templated":true}]}}