{"id":18678,"date":"2007-07-06T21:01:14","date_gmt":"2007-07-06T21:01:14","guid":{"rendered":"https:\/\/obscom.intervozes.org.br\/wordpress\/?p=18678"},"modified":"2007-07-06T21:01:14","modified_gmt":"2007-07-06T21:01:14","slug":"rede-nacional-de-tvs-publicas-e-tema-de-audiencia-em-vitoria-no-dia-1207","status":"publish","type":"post","link":"https:\/\/obscom.intervozes.org.br\/?p=18678","title":{"rendered":"Rede Nacional de TVs P\u00fablicas \u00e9 tema de audi\u00eancia em Vit\u00f3ria no dia 12\/07"},"content":{"rendered":"<p>O Presidente da Radiobr&aacute;s, Jos&eacute; Roberto Garcez, &eacute; o convidado da Rede de Comunica&ccedil;&atilde;o e Articula&ccedil;&atilde;o Popular (Recapes) e da Comiss&atilde;o de Cultura da Assembl&eacute;ia Legislativa para participar de audi&ecirc;ncia p&uacute;blica sobre a proposta de cria&ccedil;&atilde;o da &quot;Rede Nacional de TV&#39;s P&uacute;blicas&quot;. <\/p>\n<p>O evento acontece no dia 12 de Julho, quinta-feira, 9h, no Plen&aacute;rio da Assembl&eacute;ia Legislativa, e ter&aacute; transmiss&atilde;o ao vivo pela TVE e pela TV Assembl&eacute;ia do Esp&iacute;rito Santo. <\/p>\n","protected":false},"excerpt":{"rendered":"<p>O Presidente da Radiobr&aacute;s, Jos&eacute; Roberto Garcez, &eacute; o convidado da Rede de Comunica&ccedil;&atilde;o e Articula&ccedil;&atilde;o Popular (Recapes) e da Comiss&atilde;o de Cultura da Assembl&eacute;ia Legislativa para participar de audi&ecirc;ncia p&uacute;blica sobre a proposta de cria&ccedil;&atilde;o da &quot;Rede Nacional de TV&#39;s P&uacute;blicas&quot;. O evento acontece no dia 12 de Julho, quinta-feira, 9h, no Plen&aacute;rio da &hellip; <a href=\"https:\/\/obscom.intervozes.org.br\/?p=18678\" class=\"more-link\">Continue lendo <span class=\"screen-reader-text\">Rede Nacional de TVs P\u00fablicas \u00e9 tema de audi\u00eancia em Vit\u00f3ria no dia 12\/07<\/span> <span class=\"meta-nav\">&rarr;<\/span><\/a><\/p>\n","protected":false},"author":1,"featured_media":0,"comment_status":"open","ping_status":"open","sticky":false,"template":"","format":"standard","meta":{"footnotes":""},"categories":[39],"tags":[],"_links":{"self":[{"href":"https:\/\/obscom.intervozes.org.br\/index.php?rest_route=\/wp\/v2\/posts\/18678"}],"collection":[{"href":"https:\/\/obscom.intervozes.org.br\/index.php?rest_route=\/wp\/v2\/posts"}],"about":[{"href":"https:\/\/obscom.intervozes.org.br\/index.php?rest_route=\/wp\/v2\/types\/post"}],"author":[{"embeddable":true,"href":"https:\/\/obscom.intervozes.org.br\/index.php?rest_route=\/wp\/v2\/users\/1"}],"replies":[{"embeddable":true,"href":"https:\/\/obscom.intervozes.org.br\/index.php?rest_route=%2Fwp%2Fv2%2Fcomments&post=18678"}],"version-history":[{"count":0,"href":"https:\/\/obscom.intervozes.org.br\/index.php?rest_route=\/wp\/v2\/posts\/18678\/revisions"}],"wp:attachment":[{"href":"https:\/\/obscom.intervozes.org.br\/index.php?rest_route=%2Fwp%2Fv2%2Fmedia&parent=18678"}],"wp:term":[{"taxonomy":"category","embeddable":true,"href":"https:\/\/obscom.intervozes.org.br\/index.php?rest_route=%2Fwp%2Fv2%2Fcategories&post=18678"},{"taxonomy":"post_tag","embeddable":true,"href":"https:\/\/obscom.intervozes.org.br\/index.php?rest_route=%2Fwp%2Fv2%2Ftags&post=18678"}],"curies":[{"name":"wp","href":"https:\/\/api.w.org\/{rel}","templated":true}]}}