{"id":18666,"date":"2007-07-04T18:05:32","date_gmt":"2007-07-04T18:05:32","guid":{"rendered":"https:\/\/obscom.intervozes.org.br\/wordpress\/?p=18666"},"modified":"2007-07-04T18:05:32","modified_gmt":"2007-07-04T18:05:32","slug":"gt-de-economia-politica-da-compos-reune-pesquisadores","status":"publish","type":"post","link":"https:\/\/obscom.intervozes.org.br\/?p=18666","title":{"rendered":"GT de Economia Pol\u00edtica da Comp\u00f3s re\u00fane pesquisadores"},"content":{"rendered":"<p><span>&nbsp;<\/span><span>O GT &ldquo;Economia Pol&iacute;tica e Pol&iacute;ticas de Comunica&ccedil;&atilde;o&rdquo; da Associa&ccedil;&atilde;o Nacional dos Programas de P&oacute;s-Gradua&ccedil;&atilde;o em Comunica&ccedil;&atilde;o (Comp&oacute;s) realizou, nos dias 14 e 15 de junho, em Curitiba, quatro sess&otilde;es de debate com doze dos mais importantes pesquisadores brasileiros e estrangeiros na &aacute;rea.<\/p>\n<p><\/span><span>O evento foi marcado por reflex&otilde;es cr&iacute;ticas no campo da EPC e reuniu textos de diversas abordagens e objetos, contribuindo para o fortalecimento da P&oacute;s-Gradua&ccedil;&atilde;o em Comunica&ccedil;&atilde;o e o interc&acirc;mbio construtivo entre as institui&ccedil;&otilde;es acad&ecirc;micas. Os trabalhos apresentados demonstraram a crescente qualifica&ccedil;&atilde;o dos pesquisadores, que, divergindo ou n&atilde;o em suas linhas de pensamento, conseguem criar conex&otilde;es tem&aacute;ticas ao conhecimento da comunica&ccedil;&atilde;o e tentam encontrar solu&ccedil;&otilde;es para quest&otilde;es atuais. <\/p>\n<p><\/span><span>A primeira sess&atilde;o de debate contou com a participa&ccedil;&atilde;o dos professores C&eacute;sar Bola&ntilde;o, Val&eacute;rio Brittos e Adilson Cabral, que apresentaram artigos sobre a TV digital no Brasil. Na segunda fase, cuja tem&aacute;tica norteou-se no &ldquo;audiovisual e rela&ccedil;&otilde;es&rdquo;, Laurindo Leal Filho falou sobre a televis&atilde;o p&uacute;blica; Luiz Artur Ferrareto tratou da abordagem hist&oacute;rica do r&aacute;dio e D&oacute;ris Haussen discorreu sobre a pol&iacute;tica nos filmes brasileiros e a rela&ccedil;&atilde;o com a economia, a cultura e a identidade nacional.<\/p>\n<p><\/span><span>Na manh&atilde; do dia 15, durante a 3&ordf; etapa de discuss&otilde;es, o professor Alain Herscovici fez uma an&aacute;lise dos sistemas de troca dos arquivos musicais, a partir da id&eacute;ia de economia &ldquo;imaterial&rdquo;, novas formas de concorr&ecirc;ncia e l&oacute;gicas sociais n&atilde;o mercantis. William Dias Braga apresentou, baseado na Economia Pol&iacute;tica da Incerteza, um artigo sobre o valor trabalho nas sociedades contempor&acirc;neas e Margarethe Born Steinberger engrandeceu o debate com a rela&ccedil;&atilde;o entre cogni&ccedil;&atilde;o social e valor da informa&ccedil;&atilde;o de dom&iacute;nio p&uacute;blico em uma economia das representa&ccedil;&otilde;es interculturais.<\/p>\n<p><\/span><span>&ldquo;Tecnologia e sociedade&rdquo; foi o tema da &uacute;ltima sess&atilde;o do GT. Na oportunidade, Luciane Lucas e T&acirc;nia Hoff falaram sobre resist&ecirc;ncia e emancipa&ccedil;&atilde;o social, avaliando a cidadania como condi&ccedil;&atilde;o participante na constru&ccedil;&atilde;o da produ&ccedil;&atilde;o simb&oacute;lica. J&aacute; Eduardo Vizer tra&ccedil;ou as etapas da cultura tecnol&oacute;gica e da cria&ccedil;&atilde;o de valor.<\/p>\n<p><\/span><span>O GT de Economia Pol&iacute;tica da Comp&oacute;s &eacute; coordenado por Val&eacute;rio Brittos e foi criado em 25 de abril deste ano, justamente por se tratar de um campo te&oacute;rico-conceitual multidisciplinar essencial &agrave; an&aacute;lise e compreens&atilde;o da quest&atilde;o social e suas potencialidades de emancipa&ccedil;&atilde;o.&nbsp; O grupo est&aacute; associado ao estudo e pesquisa das Pol&iacute;ticas de Comunica&ccedil;&atilde;o, entendidas como o conjunto de princ&iacute;pios, disposi&ccedil;&otilde;es constitucionais, leis, regulamentos e institui&ccedil;&otilde;es estatais, p&uacute;blicas e privadas que comp&otilde;em o ambiente normativo da televis&atilde;o, cinema, r&aacute;dio, internet, publicidade, produ&ccedil;&atilde;o editorial, ind&uacute;stria fonogr&aacute;fica, artes e espet&aacute;culos.<\/p>\n<p><\/span><span>Segundo o professor Brittos, a instala&ccedil;&atilde;o de um GT de Economia Pol&iacute;tica na Comp&oacute;s &eacute; muito importante, pois se trata de um espa&ccedil;o definido no &acirc;mbito da p&oacute;s-gradua&ccedil;&atilde;o em comunica&ccedil;&atilde;o no Brasil. &ldquo;O pr&oacute;prio processo de cria&ccedil;&atilde;o j&aacute; demonstra a inser&ccedil;&atilde;o deste enfoque nos mestrados e doutorados, reunindo pesquisadores de programas de p&oacute;s-gradua&ccedil;&atilde;o (al&eacute;m de professores de outros setores) e recebendo o voto do Conselho da Comp&oacute;s. Isto consagra todo um lugar ao pensamento cr&iacute;tico, voltado a discutir a comunica&ccedil;&atilde;o na sua rela&ccedil;&atilde;o com a pol&iacute;tica, a economia e os movimentos sociais, trabalhando a quest&atilde;o do poder. Entendo que representa a defini&ccedil;&atilde;o de um l&oacute;cus para as ci&ecirc;ncias cr&iacute;ticas, debatendo estruturas e din&acirc;micas, ao lado de tantos outros GTs igualmente importantes&rdquo;, explica.<\/p>\n<p><\/span><span>Economia Pol&iacute;tica da Comunica&ccedil;&atilde;o tem seu in&iacute;cio no Brasil marcado como nos anos 80 do s&eacute;culo passado e desde ent&atilde;o tem avan&ccedil;ado muito. Ainda que na d&eacute;cada de 90 j&aacute; houvesse massa cr&iacute;tica para a cria&ccedil;&atilde;o do GT, n&atilde;o existia uma presen&ccedil;a mais significativa nos programas de p&oacute;s-gradua&ccedil;&atilde;o em comunica&ccedil;&atilde;o, que s&atilde;o a circunscri&ccedil;&atilde;o principal da Comp&oacute;s. De acordo com o coordenador, o avan&ccedil;o da discuss&atilde;o em torno da Economia Pol&iacute;tica da Comunica&ccedil;&atilde;o, das pol&iacute;ticas de comunica&ccedil;&atilde;o e de outros marcos cr&iacute;ticos no &acirc;mbito dos programas de p&oacute;s-gradua&ccedil;&atilde;o tem simbolizado uma maior qualifica&ccedil;&atilde;o, j&aacute; que s&atilde;o produzidas teses e disserta&ccedil;&otilde;es, construindo coletivamente o conhecimento.<\/span><span> <\/p>\n<p style=\"margin: 0cm 0cm 0pt\" class=\"MsoNormal\" align=\"justify\">Val&eacute;rio Brittos disse ainda que o encontro do GT foi necess&aacute;rio porque h&aacute; um grande contingente de pesquisadores de Economia Pol&iacute;tica da Comunica&ccedil;&atilde;o realizando um trabalho de alta qualidade. &ldquo;O resultado foi um debate denso, s&eacute;rio, construtivo e solid&aacute;rio, que contribuiu muito para todos n&oacute;s, enriquecendo a pesquisa de cada um. A participa&ccedil;&atilde;o da comunidade acad&ecirc;mica foi intensa, debatendo os textos, durante as sess&otilde;es do GT, e anteriormente, durante o processo de envio de trabalhos, encaminhando seus artigos, o que qualificou a sele&ccedil;&atilde;o&rdquo;, avalia.<\/p>\n<p style=\"margin: 0cm 0cm 0pt\" class=\"MsoNormal\" align=\"justify\">&nbsp;<\/p>\n<p><font size=\"3\"><img loading=\"lazy\" decoding=\"async\" src=\"images\/stories\/politica_publicacoes\/c_invertido_pq.png\" alt=\"Active Image\" width=\"15\" height=\"15\" \/><\/font><\/span><\/p>\n","protected":false},"excerpt":{"rendered":"<p>&nbsp;O GT &ldquo;Economia Pol&iacute;tica e Pol&iacute;ticas de Comunica&ccedil;&atilde;o&rdquo; da Associa&ccedil;&atilde;o Nacional dos Programas de P&oacute;s-Gradua&ccedil;&atilde;o em Comunica&ccedil;&atilde;o (Comp&oacute;s) realizou, nos dias 14 e 15 de junho, em Curitiba, quatro sess&otilde;es de debate com doze dos mais importantes pesquisadores brasileiros e estrangeiros na &aacute;rea. O evento foi marcado por reflex&otilde;es cr&iacute;ticas no campo da EPC e &hellip; <a href=\"https:\/\/obscom.intervozes.org.br\/?p=18666\" class=\"more-link\">Continue lendo <span class=\"screen-reader-text\">GT de Economia Pol\u00edtica da Comp\u00f3s re\u00fane pesquisadores<\/span> <span class=\"meta-nav\">&rarr;<\/span><\/a><\/p>\n","protected":false},"author":1,"featured_media":0,"comment_status":"open","ping_status":"open","sticky":false,"template":"","format":"standard","meta":{"footnotes":""},"categories":[40],"tags":[309],"_links":{"self":[{"href":"https:\/\/obscom.intervozes.org.br\/index.php?rest_route=\/wp\/v2\/posts\/18666"}],"collection":[{"href":"https:\/\/obscom.intervozes.org.br\/index.php?rest_route=\/wp\/v2\/posts"}],"about":[{"href":"https:\/\/obscom.intervozes.org.br\/index.php?rest_route=\/wp\/v2\/types\/post"}],"author":[{"embeddable":true,"href":"https:\/\/obscom.intervozes.org.br\/index.php?rest_route=\/wp\/v2\/users\/1"}],"replies":[{"embeddable":true,"href":"https:\/\/obscom.intervozes.org.br\/index.php?rest_route=%2Fwp%2Fv2%2Fcomments&post=18666"}],"version-history":[{"count":0,"href":"https:\/\/obscom.intervozes.org.br\/index.php?rest_route=\/wp\/v2\/posts\/18666\/revisions"}],"wp:attachment":[{"href":"https:\/\/obscom.intervozes.org.br\/index.php?rest_route=%2Fwp%2Fv2%2Fmedia&parent=18666"}],"wp:term":[{"taxonomy":"category","embeddable":true,"href":"https:\/\/obscom.intervozes.org.br\/index.php?rest_route=%2Fwp%2Fv2%2Fcategories&post=18666"},{"taxonomy":"post_tag","embeddable":true,"href":"https:\/\/obscom.intervozes.org.br\/index.php?rest_route=%2Fwp%2Fv2%2Ftags&post=18666"}],"curies":[{"name":"wp","href":"https:\/\/api.w.org\/{rel}","templated":true}]}}