{"id":18663,"date":"2007-07-04T16:06:35","date_gmt":"2007-07-04T16:06:35","guid":{"rendered":"https:\/\/obscom.intervozes.org.br\/wordpress\/?p=18663"},"modified":"2007-07-04T16:06:35","modified_gmt":"2007-07-04T16:06:35","slug":"para-abra-lei-geral-nao-e-imprescindivel","status":"publish","type":"post","link":"https:\/\/obscom.intervozes.org.br\/?p=18663","title":{"rendered":"Para Abra, lei geral n\u00e3o \u00e9 imprescind\u00edvel"},"content":{"rendered":"<p>O advogado Walter Ceneviva, diretor da TV Bandeirantes e consultor jur&iacute;dico da Associa&ccedil;&atilde;o Brasileira de Radiodifusores (Abra), questionou nesta ter&ccedil;a-feira, 3, em audi&ecirc;ncia p&uacute;blica no Senado, a real necessidade de uma lei geral de comunica&ccedil;&atilde;o de massa que trate da converg&ecirc;ncia tecnol&oacute;gica. &quot;N&atilde;o &eacute; imprescind&iacute;vel, &eacute; desej&aacute;vel que ela exista&quot;, comentou. <\/p>\n<p>Na avalia&ccedil;&atilde;o de Ceneviva, o mais premente, nos pr&oacute;ximos meses, seria assegurar o cumprimento da Lei Geral de Telecomunica&ccedil;&otilde;es, da Lei de Defesa da Concorr&ecirc;ncia e do C&oacute;digo Brasileiro de Telecomunica&ccedil;&otilde;es, que fazem distin&ccedil;&otilde;es entre os servi&ccedil;os de telecomunica&ccedil;&otilde;es e radiodifus&atilde;o e t&ecirc;m mecanismos que impendem a concentra&ccedil;&atilde;o de mercado.<\/p>\n<p>Na audi&ecirc;ncia, realizada pela Comiss&atilde;o de Educa&ccedil;&atilde;o para discutir proposta para a nova lei geral de comunica&ccedil;&atilde;o, o advogado defendeu que a legisla&ccedil;&atilde;o a ser formulada n&atilde;o seja esvaziada pela evolu&ccedil;&atilde;o tecnol&oacute;gica. &quot;&Eacute; importante que ela seja duradoura a despeito da evolu&ccedil;&atilde;o tecnol&oacute;gica&quot;, frisou. Ele lembrou que, nos &uacute;ltimos dez anos, v&aacute;rias tecnologias surgiram e desapareceram do mercado sem a necessidade de se alterar a legisla&ccedil;&atilde;o. <\/p>\n<p>Citou como exemplo a tecnologia WLL, na qual, segundo ele, foram investidos US$ 4 bilh&otilde;es pelas empresas no Brasil. &quot;Foi um fracasso e n&atilde;o vai deixar saudades&quot;. Outro exemplo foram os leil&otilde;es de terceira gera&ccedil;&atilde;o na Europa. As empresas investiram bilh&otilde;es de euros e a tecnologia n&atilde;o decolou.<\/p>\n<p>Na avalia&ccedil;&atilde;o de Ceneviva, o que a legisla&ccedil;&atilde;o deve regular &eacute; a entrada e a participa&ccedil;&atilde;o do capital. &quot;Os capitais podem ser sujeitos a formas eficazes de controle e a legisla&ccedil;&atilde;o deve prever a prote&ccedil;&atilde;o ao capital e &agrave; produ&ccedil;&atilde;o de conte&uacute;dos nacionais&quot;, disse. Segundo o advogado, proteger o capital nacional n&atilde;o &eacute; xenofobia. &Eacute; estar em linha com o mundo globalizado. Pa&iacute;ses como Alemanha e Fran&ccedil;a, de acordo com ele, n&atilde;o privatizaram as telecomunica&ccedil;&otilde;es. E aqueles que o fizeram, como Portugal e Espanha, garantiram &quot;golden share&quot; nas companhias telef&ocirc;nicas. <\/p>\n<p>Evandro Guimar&atilde;es, vice-presidente de rela&ccedil;&otilde;es institui&ccedil;&otilde;es da Globo, defendeu opini&atilde;o semelhante &agrave; apresentada por Ceneviva. &quot;A tecnologia n&atilde;o deve derrogar a vontade da lei. A nova legisla&ccedil;&atilde;o n&atilde;o pode ser um fato consumado. O marco regulat&oacute;rio deve levar em conta a tecnologia, e n&atilde;o especificar a tecnologia&quot;, disse ele aos senadores da comiss&atilde;o. <\/p>\n<p>&nbsp;<img loading=\"lazy\" decoding=\"async\" src=\"images\/stories\/politica_publicacoes\/c_normal_pq.png\" alt=\"Active Image\" width=\"15\" height=\"15\" \/>&nbsp;publica&ccedil;&atilde;o autorizada.<\/p>\n<p>&nbsp;<\/p>\n","protected":false},"excerpt":{"rendered":"<p>O advogado Walter Ceneviva, diretor da TV Bandeirantes e consultor jur&iacute;dico da Associa&ccedil;&atilde;o Brasileira de Radiodifusores (Abra), questionou nesta ter&ccedil;a-feira, 3, em audi&ecirc;ncia p&uacute;blica no Senado, a real necessidade de uma lei geral de comunica&ccedil;&atilde;o de massa que trate da converg&ecirc;ncia tecnol&oacute;gica. &quot;N&atilde;o &eacute; imprescind&iacute;vel, &eacute; desej&aacute;vel que ela exista&quot;, comentou. Na avalia&ccedil;&atilde;o de Ceneviva, &hellip; <a href=\"https:\/\/obscom.intervozes.org.br\/?p=18663\" class=\"more-link\">Continue lendo <span class=\"screen-reader-text\">Para Abra, lei geral n\u00e3o \u00e9 imprescind\u00edvel<\/span> <span class=\"meta-nav\">&rarr;<\/span><\/a><\/p>\n","protected":false},"author":1,"featured_media":0,"comment_status":"open","ping_status":"open","sticky":false,"template":"","format":"standard","meta":{"footnotes":""},"categories":[40],"tags":[307],"_links":{"self":[{"href":"https:\/\/obscom.intervozes.org.br\/index.php?rest_route=\/wp\/v2\/posts\/18663"}],"collection":[{"href":"https:\/\/obscom.intervozes.org.br\/index.php?rest_route=\/wp\/v2\/posts"}],"about":[{"href":"https:\/\/obscom.intervozes.org.br\/index.php?rest_route=\/wp\/v2\/types\/post"}],"author":[{"embeddable":true,"href":"https:\/\/obscom.intervozes.org.br\/index.php?rest_route=\/wp\/v2\/users\/1"}],"replies":[{"embeddable":true,"href":"https:\/\/obscom.intervozes.org.br\/index.php?rest_route=%2Fwp%2Fv2%2Fcomments&post=18663"}],"version-history":[{"count":0,"href":"https:\/\/obscom.intervozes.org.br\/index.php?rest_route=\/wp\/v2\/posts\/18663\/revisions"}],"wp:attachment":[{"href":"https:\/\/obscom.intervozes.org.br\/index.php?rest_route=%2Fwp%2Fv2%2Fmedia&parent=18663"}],"wp:term":[{"taxonomy":"category","embeddable":true,"href":"https:\/\/obscom.intervozes.org.br\/index.php?rest_route=%2Fwp%2Fv2%2Fcategories&post=18663"},{"taxonomy":"post_tag","embeddable":true,"href":"https:\/\/obscom.intervozes.org.br\/index.php?rest_route=%2Fwp%2Fv2%2Ftags&post=18663"}],"curies":[{"name":"wp","href":"https:\/\/api.w.org\/{rel}","templated":true}]}}