{"id":18656,"date":"2007-07-04T15:28:49","date_gmt":"2007-07-04T15:28:49","guid":{"rendered":"https:\/\/obscom.intervozes.org.br\/wordpress\/?p=18656"},"modified":"2007-07-04T15:28:49","modified_gmt":"2007-07-04T15:28:49","slug":"decisao-que-considerou-ilegal-cobranca-de-assinatura-mensal-no-rs-e-suspensa","status":"publish","type":"post","link":"https:\/\/obscom.intervozes.org.br\/?p=18656","title":{"rendered":"Decis\u00e3o que considerou ilegal cobran\u00e7a de assinatura mensal no RS \u00e9 suspensa"},"content":{"rendered":"<p>Est&aacute; suspensa a decis&atilde;o do Tribunal de Justi&ccedil;a do Rio Grande do Sul que considerou ilegal a cobran&ccedil;a de assinatura mensal no servi&ccedil;o de telefonia fixa. A decis&atilde;o &eacute; do presidente do Superior Tribunal de Justi&ccedil;a, ministro Raphael de Barros Monteiro, atendendo pedido de suspens&atilde;o de liminar e de senten&ccedil;a feito pela Brasil Telecom S\/A. <\/p>\n<p>A empresa recorreu ao STJ, pedindo a suspens&atilde;o da decis&atilde;o do TJRS favor&aacute;vel aos consumidores Danilo Munchen, Jos&eacute; Carlitos Meinerz e L&iacute;dio Baungartner. Segundo alegou, a manuten&ccedil;&atilde;o da decis&atilde;o poderia causar grave les&atilde;o &agrave; ordem e &agrave; economia p&uacute;blicas. <\/p>\n<p>Ao atender ao pedido da Brasil Telecom, o presidente do STJ considerou que &eacute; ineg&aacute;vel o potencial de dano &agrave; economia p&uacute;blica. &ldquo;O impedimento da cobran&ccedil;a da tarifa de assinatura b&aacute;sica residencial &eacute; suscet&iacute;vel de ocasionar o desequil&iacute;brio econ&ocirc;mico-financeiro do contrato firmado entre o usu&aacute;rio e a concession&aacute;ria e entre esta e o poder concedente&rdquo;, observou. <\/p>\n<p>O ministro observou que a falta de contrapresta&ccedil;&atilde;o financeira ao servi&ccedil;o posto &agrave; disposi&ccedil;&atilde;o do consumidor poderia comprometer todo o sistema de telefonia, abrangendo a sua manuten&ccedil;&atilde;o, adequa&ccedil;&atilde;o e efici&ecirc;ncia, diante da falta de investimentos no setor. O presidente ressaltou que o sistema de telefonia n&atilde;o se sustenta apenas com o pagamento das liga&ccedil;&otilde;es telef&ocirc;nicas realizadas pelos usu&aacute;rios. <\/p>\n<p>Para o ministro Barros Monteiro, n&atilde;o poderia ser esquecido, tamb&eacute;m, o efeito multiplicador das a&ccedil;&otilde;es ajuizadas com o mesmo objetivo, pois j&aacute; h&aacute; milhares de processos discutindo a legalidade da cobran&ccedil;a, principalmente no Rio Grande do Sul. O presidente revelou, ainda, que quase duzentos pedidos de suspens&atilde;o foram apresentados simultaneamente. <\/p>\n<p>Considerando o risco de dano inverso &agrave; popula&ccedil;&atilde;o caso haja m&aacute; presta&ccedil;&atilde;o de servi&ccedil;os por falta de investimentos, o ministro suspendeu a decis&atilde;o do TJRS. &ldquo;O n&atilde;o-pagamento da tarifa b&aacute;sica residencial relaciona-se &agrave; operacionalidade do sistema, aspecto este que deve ser preservado no interesse dos pr&oacute;prios usu&aacute;rios e da popula&ccedil;&atilde;o em geral&rdquo;, concluiu Barros Monteiro. Foram deferidos mais de 80 pedidos de suspens&atilde;o tratando do mesmo assunto. <\/p>\n<p>O m&eacute;rito da quest&atilde;o j&aacute; est&aacute; sendo discutido pela Primeira Se&ccedil;&atilde;o do Superior Tribunal de Justi&ccedil;a, no Recurso Especial 911802 da Brasil Telecom. Nele, a empresa tenta reverter decis&atilde;o do Tribunal de Justi&ccedil;a do Rio Grande do Sul (TJ\/RS) favor&aacute;vel a uma consumidora. Segundo alega, os direitos previstos no C&oacute;digo de Defesa do Consumidor (CDC) n&atilde;o excluem os decorrentes da legisla&ccedil;&atilde;o ordin&aacute;ria preexistente, qual seja, a Lei Geral das Telecomunica&ccedil;&otilde;es. Disse ainda que a tarifa mensal n&atilde;o &eacute; voltada apenas &agrave; cess&atilde;o de linha ou de terminal telef&ocirc;nico, mas tamb&eacute;m &agrave; infra-estrutura fornecida. <\/p>\n<p>At&eacute; agora, o relator, ministro Jos&eacute; Delgado, e o ministro Jo&atilde;o Ot&aacute;vio de Noronha votaram pela legalidade da cobran&ccedil;a de assinatura b&aacute;sica para telefones fixos. Em seguida, o ministro Herman Benjamin pediu vista. Aguardam para votar os ministros Luiz Fux, Teori Albino Zavascki, Castro Meira, Denise Arruda e Humberto Martins. O presidente da Se&ccedil;&atilde;o, ministro Francisco Falc&atilde;o, somente votar&aacute; em caso de empate. <\/p>\n","protected":false},"excerpt":{"rendered":"<p>Est&aacute; suspensa a decis&atilde;o do Tribunal de Justi&ccedil;a do Rio Grande do Sul que considerou ilegal a cobran&ccedil;a de assinatura mensal no servi&ccedil;o de telefonia fixa. A decis&atilde;o &eacute; do presidente do Superior Tribunal de Justi&ccedil;a, ministro Raphael de Barros Monteiro, atendendo pedido de suspens&atilde;o de liminar e de senten&ccedil;a feito pela Brasil Telecom S\/A. &hellip; <a href=\"https:\/\/obscom.intervozes.org.br\/?p=18656\" class=\"more-link\">Continue lendo <span class=\"screen-reader-text\">Decis\u00e3o que considerou ilegal cobran\u00e7a de assinatura mensal no RS \u00e9 suspensa<\/span> <span class=\"meta-nav\">&rarr;<\/span><\/a><\/p>\n","protected":false},"author":1,"featured_media":0,"comment_status":"open","ping_status":"open","sticky":false,"template":"","format":"standard","meta":{"footnotes":""},"categories":[40],"tags":[149],"_links":{"self":[{"href":"https:\/\/obscom.intervozes.org.br\/index.php?rest_route=\/wp\/v2\/posts\/18656"}],"collection":[{"href":"https:\/\/obscom.intervozes.org.br\/index.php?rest_route=\/wp\/v2\/posts"}],"about":[{"href":"https:\/\/obscom.intervozes.org.br\/index.php?rest_route=\/wp\/v2\/types\/post"}],"author":[{"embeddable":true,"href":"https:\/\/obscom.intervozes.org.br\/index.php?rest_route=\/wp\/v2\/users\/1"}],"replies":[{"embeddable":true,"href":"https:\/\/obscom.intervozes.org.br\/index.php?rest_route=%2Fwp%2Fv2%2Fcomments&post=18656"}],"version-history":[{"count":0,"href":"https:\/\/obscom.intervozes.org.br\/index.php?rest_route=\/wp\/v2\/posts\/18656\/revisions"}],"wp:attachment":[{"href":"https:\/\/obscom.intervozes.org.br\/index.php?rest_route=%2Fwp%2Fv2%2Fmedia&parent=18656"}],"wp:term":[{"taxonomy":"category","embeddable":true,"href":"https:\/\/obscom.intervozes.org.br\/index.php?rest_route=%2Fwp%2Fv2%2Fcategories&post=18656"},{"taxonomy":"post_tag","embeddable":true,"href":"https:\/\/obscom.intervozes.org.br\/index.php?rest_route=%2Fwp%2Fv2%2Ftags&post=18656"}],"curies":[{"name":"wp","href":"https:\/\/api.w.org\/{rel}","templated":true}]}}