{"id":18648,"date":"2007-07-03T15:39:28","date_gmt":"2007-07-03T15:39:28","guid":{"rendered":"https:\/\/obscom.intervozes.org.br\/wordpress\/?p=18648"},"modified":"2007-07-03T15:39:28","modified_gmt":"2007-07-03T15:39:28","slug":"politica-de-comunicacoes-balanco-provisorio-de-um-semestre-inusitado","status":"publish","type":"post","link":"https:\/\/obscom.intervozes.org.br\/?p=18648","title":{"rendered":"Pol\u00edtica de comunica\u00e7\u00f5es: balan\u00e7o provis\u00f3rio de um semestre inusitado"},"content":{"rendered":"<p><span>O primeiro semestre de 2007 chega ao fim e, para o bem ou para o mal, o setor de comunica&ccedil;&otilde;es est&aacute; vivendo um per&iacute;odo de certa forma inusitado. Algo de novo parece estar acontecendo num setor historicamente dominado por uns poucos atores e interesses.&nbsp;<\/p>\n<p><\/span><span>Sem a pretens&atilde;o de fazer um balan&ccedil;o amplo e completo, mas apenas de registrar iniciativas\/eventos importantes, aqui v&atilde;o meia d&uacute;zia de sinais desse tempo que se espera seja um tempo de mudan&ccedil;as.<\/p>\n<p><\/span><span>1. A m&iacute;dia e seu papel numa sociedade democr&aacute;tica entraram definitivamente na agenda p&uacute;blica de discuss&atilde;o. Apesar da resist&ecirc;ncia da grande m&iacute;dia, desde as elei&ccedil;&otilde;es de 2006 pipocam por todos os cantos iniciativas neste sentido. A condena&ccedil;&atilde;o un&acirc;nime do governo da Venezuela, no caso da n&atilde;o-renova&ccedil;&atilde;o da concess&atilde;o da RCTV, contribuiu para &quot;esquentar&quot; o debate. E ele est&aacute; vivo na internet, nas escolas (de todos os graus), no Congresso, nas igrejas, nos sindicatos, na m&iacute;dia alternativa etc., etc. <\/p>\n<p><\/span><span>Debater a m&iacute;dia &ndash; como se debate outras institui&ccedil;&otilde;es de car&aacute;ter p&uacute;blico &ndash; &eacute; necess&aacute;rio e fundamental.<\/p>\n<p><\/span><span>2. O governo do presidente Lula chamou a si a responsabilidade de incentivar a cria&ccedil;&atilde;o de um sistema p&uacute;blico de comunica&ccedil;&atilde;o. Depois da bem-sucedida iniciativa, liderada pelo Minist&eacute;rio da Cultura, de realizar um F&oacute;rum Nacional de TVs P&uacute;blicas, um novo ministro assumiu a Secretaria de Comunica&ccedil;&atilde;o Social, v&aacute;rios grupos de trabalho est&atilde;o funcionando e a Rede P&uacute;blica de Televis&atilde;o, priorizada, come&ccedil;a a se concretizar. Espera-se que j&aacute; em agosto uma Medida Provis&oacute;ria neste sentido ser&aacute; enviada ao Congresso Nacional. <\/p>\n<p><\/span><span>Num pa&iacute;s que praticamente s&oacute; conhece o sistema privado comercial, um sistema p&uacute;blico de televis&atilde;o &eacute; mais do que bem vindo. &Eacute; necess&aacute;rio.<\/p>\n<p><\/span><span><strong>&quot;N&atilde;o-atores&quot; organizados<\/p>\n<p><\/strong><\/span><span>3. O Congresso Nacional tem promovido nas suas comiss&otilde;es espec&iacute;ficas, tanto da C&acirc;mara quanto no Senado, audi&ecirc;ncias p&uacute;blicas sobre os impasses atuais do setor. Na C&acirc;mara, uma subcomiss&atilde;o da Comiss&atilde;o de Ci&ecirc;ncia e Tecnologia, Comunica&ccedil;&atilde;o e Inform&aacute;tica (CCTCI), recriada ao in&iacute;cio dessa legislatura, aprovou um novo Ato Normativo que regula a tramita&ccedil;&atilde;o na Comiss&atilde;o dos processos de concess&atilde;o e renova&ccedil;&atilde;o de concess&otilde;es de radiodifus&atilde;o. Al&eacute;m disso, a Subcomiss&atilde;o continua trabalhando para apresentar propostas de regulamenta&ccedil;&atilde;o e altera&ccedil;&atilde;o da legisla&ccedil;&atilde;o do setor. <\/p>\n<p><\/span><span>Esse &eacute; um avan&ccedil;o importante, sobretudo se considerarmos que, desde 1988, o Congresso Nacional compartilha com o Executivo o poder de outorga das concess&otilde;es de radiodifus&atilde;o e que membros da CCTCI s&atilde;o, direta e\/ou indiretamente, vinculados &agrave; radiodifus&atilde;o.<\/p>\n<p><\/span><span>4. Um Encontro Nacional de Comunica&ccedil;&atilde;o foi realizado em Bras&iacute;lia, como o apoio das Comiss&otilde;es de Direitos Humanos e de CCTCI da C&acirc;mara dos Deputados. Com a participa&ccedil;&atilde;o de dezenas de representantes de entidades da sociedade civil, foi aprovada uma carta dirigida ao presidente Lula. O texto pede a convoca&ccedil;&atilde;o de uma Confer&ecirc;ncia Nacional de Comunica&ccedil;&atilde;o a ser realizada nos mesmos moldes de outras j&aacute; convocadas e bem-sucedidas. Vale dizer, uma confer&ecirc;ncia nacional democr&aacute;tica, plural e participativa, organizada de &quot;baixo para cima&quot; e com poderes deliberativos. <\/p>\n<p><\/span><span>O Encontro mostrou que os &quot;n&atilde;o-atores&quot; est&atilde;o organizados e tem articula&ccedil;&atilde;o e for&ccedil;a para participar da constru&ccedil;&atilde;o das pol&iacute;ticas p&uacute;blicas do setor. <\/p>\n<p><\/span><span><strong>Esfor&ccedil;o hist&oacute;rico<\/p>\n<p><\/strong><\/span><span>5. O debate gerado pela Portaria 264 do Minist&eacute;rio da Justi&ccedil;a em torno da classifica&ccedil;&atilde;o indicativa dos programas de televis&atilde;o, apesar da instrumentaliza&ccedil;&atilde;o da liberdade de imprensa no discurso p&uacute;blico dos radiodifusores privados, tem revelado n&atilde;o s&oacute; os verdadeiros interesses em jogo, mas tamb&eacute;m qual &eacute; a no&ccedil;&atilde;o de interesse p&uacute;blico com a qual esses grupos operam.<\/p>\n<p><\/span><span>Embora pare&ccedil;a ter havido um recuo do governo para atender os interesses dos radiodifusores privados, a quest&atilde;o ainda n&atilde;o est&aacute; resolvida.<\/p>\n<p><\/span><span>6. Continuam em debate as potencialidades que a transi&ccedil;&atilde;o para o sistema digital de r&aacute;dio e televis&atilde;o oferece para a democratiza&ccedil;&atilde;o das comunica&ccedil;&otilde;es e a elabora&ccedil;&atilde;o de um projeto de Lei Geral de Comunica&ccedil;&atilde;o Eletr&ocirc;nica de Massa. Parece n&atilde;o estar encerrada a disputa entre aqueles que querem aumentar a pluralidade dos emissores na radiodifus&atilde;o e os que pretendem perpetuar o poder dos atuais concession&aacute;rios. <\/p>\n<p><\/span><span>A entrada das empresas de telefonia &quot;no jogo&quot; e os projetos de lei representando os interesses dos diferentes atores que foram apresentados na C&acirc;mara dos Deputados s&atilde;o ind&iacute;cios de que &quot;a partida ainda n&atilde;o acabou&quot;.<\/p>\n<p><\/span><span>Muito do que s&oacute; agora aparece &eacute; resultado de anos de lutas de pessoas e institui&ccedil;&otilde;es no sentido de trazer o campo da m&iacute;dia para o debate p&uacute;blico e aumentar a consci&ecirc;ncia da popula&ccedil;&atilde;o em torno da comunica&ccedil;&atilde;o como direito humano fundamental. Essa &eacute; uma tarefa indispens&aacute;vel para o avan&ccedil;o da democracia entre n&oacute;s.<\/p>\n<p><\/span><span>Ser&aacute; que os primeiros resultados desse esfor&ccedil;o hist&oacute;rico est&atilde;o finalmente come&ccedil;ando a aparecer?<\/p>\n<p><img loading=\"lazy\" decoding=\"async\" src=\"images\/stories\/politica_publicacoes\/c_invertido_pq.png\" alt=\"Active Image\" width=\"15\" height=\"15\" \/><\/span><\/p>\n","protected":false},"excerpt":{"rendered":"<p>O primeiro semestre de 2007 chega ao fim e, para o bem ou para o mal, o setor de comunica&ccedil;&otilde;es est&aacute; vivendo um per&iacute;odo de certa forma inusitado. Algo de novo parece estar acontecendo num setor historicamente dominado por uns poucos atores e interesses.&nbsp; Sem a pretens&atilde;o de fazer um balan&ccedil;o amplo e completo, mas &hellip; <a href=\"https:\/\/obscom.intervozes.org.br\/?p=18648\" class=\"more-link\">Continue lendo <span class=\"screen-reader-text\">Pol\u00edtica de comunica\u00e7\u00f5es: balan\u00e7o provis\u00f3rio de um semestre inusitado<\/span> <span class=\"meta-nav\">&rarr;<\/span><\/a><\/p>\n","protected":false},"author":1,"featured_media":0,"comment_status":"open","ping_status":"open","sticky":false,"template":"","format":"standard","meta":{"footnotes":""},"categories":[42],"tags":[53],"_links":{"self":[{"href":"https:\/\/obscom.intervozes.org.br\/index.php?rest_route=\/wp\/v2\/posts\/18648"}],"collection":[{"href":"https:\/\/obscom.intervozes.org.br\/index.php?rest_route=\/wp\/v2\/posts"}],"about":[{"href":"https:\/\/obscom.intervozes.org.br\/index.php?rest_route=\/wp\/v2\/types\/post"}],"author":[{"embeddable":true,"href":"https:\/\/obscom.intervozes.org.br\/index.php?rest_route=\/wp\/v2\/users\/1"}],"replies":[{"embeddable":true,"href":"https:\/\/obscom.intervozes.org.br\/index.php?rest_route=%2Fwp%2Fv2%2Fcomments&post=18648"}],"version-history":[{"count":0,"href":"https:\/\/obscom.intervozes.org.br\/index.php?rest_route=\/wp\/v2\/posts\/18648\/revisions"}],"wp:attachment":[{"href":"https:\/\/obscom.intervozes.org.br\/index.php?rest_route=%2Fwp%2Fv2%2Fmedia&parent=18648"}],"wp:term":[{"taxonomy":"category","embeddable":true,"href":"https:\/\/obscom.intervozes.org.br\/index.php?rest_route=%2Fwp%2Fv2%2Fcategories&post=18648"},{"taxonomy":"post_tag","embeddable":true,"href":"https:\/\/obscom.intervozes.org.br\/index.php?rest_route=%2Fwp%2Fv2%2Ftags&post=18648"}],"curies":[{"name":"wp","href":"https:\/\/api.w.org\/{rel}","templated":true}]}}