{"id":18646,"date":"2007-07-03T15:04:38","date_gmt":"2007-07-03T15:04:38","guid":{"rendered":"https:\/\/obscom.intervozes.org.br\/wordpress\/?p=18646"},"modified":"2007-07-03T15:04:38","modified_gmt":"2007-07-03T15:04:38","slug":"conferencia-estadual-de-cultura-do-para-comeca-nesta-quinta-feira","status":"publish","type":"post","link":"https:\/\/obscom.intervozes.org.br\/?p=18646","title":{"rendered":"Confer\u00eancia Estadual de Cultura do Par\u00e1 come\u00e7a nesta quinta-feira"},"content":{"rendered":"<p>De 05 a 08 de julho, Bel&eacute;m sedia a I Confer&ecirc;ncia Estadual de Cultura. Durante tr&ecirc;s dias, ser&atilde;o debatidos em confer&ecirc;ncias, mesas-redondas e grupos de trabalho, temas inerentes &agrave; Cultura e a toda a sociedade paraense. A id&eacute;ia &eacute; discutir o processo de constru&ccedil;&atilde;o de uma Cultura inclusiva e estadualizada, associada com outras &aacute;reas governamentais, como meio ambiente e educa&ccedil;&atilde;o. <\/p>\n<p>Maiores informa&ccedil;&otilde;es no site www.culturaparatodos.pa.gov.br , e-mail: conferenciadeculturapara@yahoo.com.br ou atrav&eacute;s do telefone: 4009-8708. <\/p>\n","protected":false},"excerpt":{"rendered":"<p>De 05 a 08 de julho, Bel&eacute;m sedia a I Confer&ecirc;ncia Estadual de Cultura. Durante tr&ecirc;s dias, ser&atilde;o debatidos em confer&ecirc;ncias, mesas-redondas e grupos de trabalho, temas inerentes &agrave; Cultura e a toda a sociedade paraense. A id&eacute;ia &eacute; discutir o processo de constru&ccedil;&atilde;o de uma Cultura inclusiva e estadualizada, associada com outras &aacute;reas governamentais, &hellip; <a href=\"https:\/\/obscom.intervozes.org.br\/?p=18646\" class=\"more-link\">Continue lendo <span class=\"screen-reader-text\">Confer\u00eancia Estadual de Cultura do Par\u00e1 come\u00e7a nesta quinta-feira<\/span> <span class=\"meta-nav\">&rarr;<\/span><\/a><\/p>\n","protected":false},"author":1,"featured_media":0,"comment_status":"open","ping_status":"open","sticky":false,"template":"","format":"standard","meta":{"footnotes":""},"categories":[39],"tags":[],"_links":{"self":[{"href":"https:\/\/obscom.intervozes.org.br\/index.php?rest_route=\/wp\/v2\/posts\/18646"}],"collection":[{"href":"https:\/\/obscom.intervozes.org.br\/index.php?rest_route=\/wp\/v2\/posts"}],"about":[{"href":"https:\/\/obscom.intervozes.org.br\/index.php?rest_route=\/wp\/v2\/types\/post"}],"author":[{"embeddable":true,"href":"https:\/\/obscom.intervozes.org.br\/index.php?rest_route=\/wp\/v2\/users\/1"}],"replies":[{"embeddable":true,"href":"https:\/\/obscom.intervozes.org.br\/index.php?rest_route=%2Fwp%2Fv2%2Fcomments&post=18646"}],"version-history":[{"count":0,"href":"https:\/\/obscom.intervozes.org.br\/index.php?rest_route=\/wp\/v2\/posts\/18646\/revisions"}],"wp:attachment":[{"href":"https:\/\/obscom.intervozes.org.br\/index.php?rest_route=%2Fwp%2Fv2%2Fmedia&parent=18646"}],"wp:term":[{"taxonomy":"category","embeddable":true,"href":"https:\/\/obscom.intervozes.org.br\/index.php?rest_route=%2Fwp%2Fv2%2Fcategories&post=18646"},{"taxonomy":"post_tag","embeddable":true,"href":"https:\/\/obscom.intervozes.org.br\/index.php?rest_route=%2Fwp%2Fv2%2Ftags&post=18646"}],"curies":[{"name":"wp","href":"https:\/\/api.w.org\/{rel}","templated":true}]}}