{"id":18645,"date":"2007-07-03T13:06:47","date_gmt":"2007-07-03T13:06:47","guid":{"rendered":"https:\/\/obscom.intervozes.org.br\/wordpress\/?p=18645"},"modified":"2007-07-03T13:06:47","modified_gmt":"2007-07-03T13:06:47","slug":"helio-costa-volta-a-defender-a-criacao-de-empresa-nacional-de-telecom","status":"publish","type":"post","link":"https:\/\/obscom.intervozes.org.br\/?p=18645","title":{"rendered":"H\u00e9lio Costa volta a defender a cria\u00e7\u00e3o de empresa nacional de telecom"},"content":{"rendered":"<p>O ministro das Comunica&ccedil;&otilde;es, H&eacute;lio Costa, defendeu&nbsp;ontem (2\/7)&nbsp;durante a posse do novo presidente da Anatel, Ronaldo Sardenberg, a revis&atilde;o do Plano Geral de Outorgas (PGO), documento que pro&iacute;be a fus&atilde;o das concession&aacute;rias de telecomunica&ccedil;&otilde;es, para que possa ser criada no pa&iacute;s uma &ldquo;grande empresa nacional de telecomunica&ccedil;&otilde;es. Segundo o ministro, a mudan&ccedil;a nesse decreto se faz necess&aacute;ria para que o setor possa se enquadrar nas novas estrat&eacute;gias.<\/p>\n","protected":false},"excerpt":{"rendered":"<p>O ministro das Comunica&ccedil;&otilde;es, H&eacute;lio Costa, defendeu&nbsp;ontem (2\/7)&nbsp;durante a posse do novo presidente da Anatel, Ronaldo Sardenberg, a revis&atilde;o do Plano Geral de Outorgas (PGO), documento que pro&iacute;be a fus&atilde;o das concession&aacute;rias de telecomunica&ccedil;&otilde;es, para que possa ser criada no pa&iacute;s uma &ldquo;grande empresa nacional de telecomunica&ccedil;&otilde;es. Segundo o ministro, a mudan&ccedil;a nesse decreto se &hellip; <a href=\"https:\/\/obscom.intervozes.org.br\/?p=18645\" class=\"more-link\">Continue lendo <span class=\"screen-reader-text\">H\u00e9lio Costa volta a defender a cria\u00e7\u00e3o de empresa nacional de telecom<\/span> <span class=\"meta-nav\">&rarr;<\/span><\/a><\/p>\n","protected":false},"author":1,"featured_media":0,"comment_status":"open","ping_status":"open","sticky":false,"template":"","format":"standard","meta":{"footnotes":""},"categories":[39],"tags":[],"_links":{"self":[{"href":"https:\/\/obscom.intervozes.org.br\/index.php?rest_route=\/wp\/v2\/posts\/18645"}],"collection":[{"href":"https:\/\/obscom.intervozes.org.br\/index.php?rest_route=\/wp\/v2\/posts"}],"about":[{"href":"https:\/\/obscom.intervozes.org.br\/index.php?rest_route=\/wp\/v2\/types\/post"}],"author":[{"embeddable":true,"href":"https:\/\/obscom.intervozes.org.br\/index.php?rest_route=\/wp\/v2\/users\/1"}],"replies":[{"embeddable":true,"href":"https:\/\/obscom.intervozes.org.br\/index.php?rest_route=%2Fwp%2Fv2%2Fcomments&post=18645"}],"version-history":[{"count":0,"href":"https:\/\/obscom.intervozes.org.br\/index.php?rest_route=\/wp\/v2\/posts\/18645\/revisions"}],"wp:attachment":[{"href":"https:\/\/obscom.intervozes.org.br\/index.php?rest_route=%2Fwp%2Fv2%2Fmedia&parent=18645"}],"wp:term":[{"taxonomy":"category","embeddable":true,"href":"https:\/\/obscom.intervozes.org.br\/index.php?rest_route=%2Fwp%2Fv2%2Fcategories&post=18645"},{"taxonomy":"post_tag","embeddable":true,"href":"https:\/\/obscom.intervozes.org.br\/index.php?rest_route=%2Fwp%2Fv2%2Ftags&post=18645"}],"curies":[{"name":"wp","href":"https:\/\/api.w.org\/{rel}","templated":true}]}}