{"id":18635,"date":"2007-07-02T12:33:16","date_gmt":"2007-07-02T12:33:16","guid":{"rendered":"https:\/\/obscom.intervozes.org.br\/wordpress\/?p=18635"},"modified":"2007-07-02T12:33:16","modified_gmt":"2007-07-02T12:33:16","slug":"sardenberg-enfrenta-temas-polemicos-em-primeira-reuniao-a-frente-da-anatel","status":"publish","type":"post","link":"https:\/\/obscom.intervozes.org.br\/?p=18635","title":{"rendered":"Sardenberg enfrenta temas pol\u00eamicos em primeira reuni\u00e3o \u00e0 frente da Anatel"},"content":{"rendered":"<p>O novo presidente da Anatel, Ronald Sardenberg enfrentar&aacute; em sua primeira reuni&atilde;o do Conselho Diretor, marcada para a pr&oacute;xima quarta-feira, 4 de julho, temas pol&ecirc;micos. Entre os assuntos mais importantes da pauta est&atilde;o a anu&ecirc;ncia pr&eacute;via da aquisi&ccedil;&atilde;o de participa&ccedil;&atilde;o societ&aacute;ria da TVA pela Telef&ocirc;nica e aprova&ccedil;&atilde;o da consulta p&uacute;blica sobre alicita&ccedil;&atilde;o da terceira gera&ccedil;&atilde;o (3G) da telefonia m&oacute;vel, al&eacute;m da aprova&ccedil;&atilde;o do novo edital da venda de sobras de freq&uuml;&ecirc;ncias da segunda gera&ccedil;&atilde;o.<\/p>\n<p>No caso da 3G, a Anatel quer fazer a licita&ccedil;&atilde;o de maneira a assegurar que essa nova rede de banda larga m&oacute;vel seja implantada emtodos os munic&iacute;pios brasileiros. Em troca da amplia&ccedil;&atilde;o da cobertura &#8211; hoje, mais da metade dos munic&iacute;pios brasileiros n&atilde;o conta com os servi&ccedil;os de telefonia m&oacute;vel &#8211; a ag&ecirc;ncia pretende cobrar menos dinheiro pela venda da freq&uuml;&ecirc;ncia. J&aacute; o edital das sobras de freq&uuml;&ecirc;ncia do SMP ter&aacute; as mesmas caracter&iacute;sticas dos anteriores, ou seja, ganhar&aacute; a licita&ccedil;&atilde;o a empresa que der o maior lance em dinheiro.<\/p>\n<p>Est&aacute; na pauta ainda o novo regulamento do Servi&ccedil;o M&oacute;vel Pessoal (SMP), no qual ser&atilde;o acrescentadas diversas obriga&ccedil;&otilde;es &agrave;s operadoras m&oacute;veis que h&aacute; algum tempo s&atilde;o demandadas pelos &oacute;rg&atilde;os de defesa do consumidor.Depois de um longo tempo sem o seu colegiado completo, finalmente a ag&ecirc;ncia agora dever&aacute; aprovar esses temas, alguns dos quais aguardam na fila desde 2005. <\/p>\n<p>&nbsp;<\/p>\n<p><img loading=\"lazy\" decoding=\"async\" src=\"images\/stories\/politica_publicacoes\/c_normal_pq.png\" alt=\"Active Image\" width=\"15\" height=\"15\" \/>&nbsp;publica&ccedil;&atilde;o autorizada.<\/p>\n","protected":false},"excerpt":{"rendered":"<p>O novo presidente da Anatel, Ronald Sardenberg enfrentar&aacute; em sua primeira reuni&atilde;o do Conselho Diretor, marcada para a pr&oacute;xima quarta-feira, 4 de julho, temas pol&ecirc;micos. Entre os assuntos mais importantes da pauta est&atilde;o a anu&ecirc;ncia pr&eacute;via da aquisi&ccedil;&atilde;o de participa&ccedil;&atilde;o societ&aacute;ria da TVA pela Telef&ocirc;nica e aprova&ccedil;&atilde;o da consulta p&uacute;blica sobre alicita&ccedil;&atilde;o da terceira gera&ccedil;&atilde;o &hellip; <a href=\"https:\/\/obscom.intervozes.org.br\/?p=18635\" class=\"more-link\">Continue lendo <span class=\"screen-reader-text\">Sardenberg enfrenta temas pol\u00eamicos em primeira reuni\u00e3o \u00e0 frente da Anatel<\/span> <span class=\"meta-nav\">&rarr;<\/span><\/a><\/p>\n","protected":false},"author":1,"featured_media":0,"comment_status":"open","ping_status":"open","sticky":false,"template":"","format":"standard","meta":{"footnotes":""},"categories":[40],"tags":[61],"_links":{"self":[{"href":"https:\/\/obscom.intervozes.org.br\/index.php?rest_route=\/wp\/v2\/posts\/18635"}],"collection":[{"href":"https:\/\/obscom.intervozes.org.br\/index.php?rest_route=\/wp\/v2\/posts"}],"about":[{"href":"https:\/\/obscom.intervozes.org.br\/index.php?rest_route=\/wp\/v2\/types\/post"}],"author":[{"embeddable":true,"href":"https:\/\/obscom.intervozes.org.br\/index.php?rest_route=\/wp\/v2\/users\/1"}],"replies":[{"embeddable":true,"href":"https:\/\/obscom.intervozes.org.br\/index.php?rest_route=%2Fwp%2Fv2%2Fcomments&post=18635"}],"version-history":[{"count":0,"href":"https:\/\/obscom.intervozes.org.br\/index.php?rest_route=\/wp\/v2\/posts\/18635\/revisions"}],"wp:attachment":[{"href":"https:\/\/obscom.intervozes.org.br\/index.php?rest_route=%2Fwp%2Fv2%2Fmedia&parent=18635"}],"wp:term":[{"taxonomy":"category","embeddable":true,"href":"https:\/\/obscom.intervozes.org.br\/index.php?rest_route=%2Fwp%2Fv2%2Fcategories&post=18635"},{"taxonomy":"post_tag","embeddable":true,"href":"https:\/\/obscom.intervozes.org.br\/index.php?rest_route=%2Fwp%2Fv2%2Ftags&post=18635"}],"curies":[{"name":"wp","href":"https:\/\/api.w.org\/{rel}","templated":true}]}}