{"id":18628,"date":"2007-06-29T14:35:28","date_gmt":"2007-06-29T14:35:28","guid":{"rendered":"https:\/\/obscom.intervozes.org.br\/wordpress\/?p=18628"},"modified":"2007-06-29T14:35:28","modified_gmt":"2007-06-29T14:35:28","slug":"decisao-sobre-tarifa-basica-fica-para-proximo-semestre","status":"publish","type":"post","link":"https:\/\/obscom.intervozes.org.br\/?p=18628","title":{"rendered":"Decis\u00e3o sobre tarifa b\u00e1sica fica para pr\u00f3ximo semestre"},"content":{"rendered":"<p>A decis&atilde;o sobre a legalidade da cobran&ccedil;a de assinatura b&aacute;sica mensal para telefones fixos deve ser retomada no Superior Tribunal de Justi&ccedil;a no segundo semestre deste ano. O julgamento foi interrompido pelo pedido de vista do ministro Herman Benjamin e estava previsto para ter continuidade nesta quarta-feira (27\/6). O adiamento foi publicado no Di&aacute;rio da Justi&ccedil;a de 21 de junho. O caso tramita na 1&ordf; Se&ccedil;&atilde;o. <\/p>\n<p>No recurso em discuss&atilde;o, a Brasil Telecom tenta reverter a decis&atilde;o do Tribunal de Justi&ccedil;a do Rio Grande do Sul que impediu a cobran&ccedil;a. O entendimento do relator, ministro Jos&eacute; Delgado, &eacute; pela legalidade da cobran&ccedil;a da assinatura b&aacute;sica para telefones fixos. <\/p>\n<p>Para o ministro, a taxa tem origem contratual e &eacute; amparada por lei, al&eacute;m de a tarifa mensal ser voltada para a infra-estrutura do sistema. Segundo a votar, o ministro Jo&atilde;o Ot&aacute;vio de Noronha acompanhou o relator. O pedido de vista do ministro Herman Benjamin ocorreu em seguida. Ir&atilde;o votar ainda os ministros Luiz Fux, Teori Albino Zavascki, Castro Meira, Denise Arruda e Humberto Martins. O presidente da Se&ccedil;&atilde;o, ministro Francisco Falc&atilde;o, s&oacute; vota em caso de empate. <\/p>\n<p>A discuss&atilde;o come&ccedil;ou porque uma consumidora ga&uacute;cha moveu a&ccedil;&atilde;o de inexigibilidade da cobran&ccedil;a cumulada com repeti&ccedil;&atilde;o de ind&eacute;bito (devolu&ccedil;&atilde;o dos valores pagos indevidamente). O objetivo da consumidora &eacute;, al&eacute;m de ser desobrigada do pagamento da cobran&ccedil;a, receber de volta, em dobro, os valores pagos pela assinatura do telefone fixo &agrave; Brasil Telecom. <\/p>\n<p>A primeira inst&acirc;ncia negou o pedido, mas o Tribunal de Justi&ccedil;a ga&uacute;cho reformou a senten&ccedil;a. O Tribunal entendeu ser abusiva a exig&ecirc;ncia de contrapresta&ccedil;&atilde;o por servi&ccedil;o n&atilde;o fornecido, al&eacute;m de n&atilde;o existir previs&atilde;o legal para a cobran&ccedil;a. <\/p>\n<p>A Brasil Telecom recorreu ao STJ. Sustentou que os direitos previstos no CDC n&atilde;o excluem os decorrentes da legisla&ccedil;&atilde;o ordin&aacute;ria preexistente, ou seja, a Lei Geral das Telecomunica&ccedil;&otilde;es. Argumentou, ainda, que a tarifa mensal n&atilde;o &eacute; voltada apenas &agrave; cess&atilde;o de linha ou de terminal telef&ocirc;nico, mas tamb&eacute;m &agrave; infra-estrutura fornecida. A empresa alegou que norma da Ag&ecirc;ncia Nacional de Telecomunica&ccedil;&otilde;es autoriza a cobran&ccedil;a da tarifa de assinatura e que somente caberia a repeti&ccedil;&atilde;o do ind&eacute;bito quando demonstrado o erro do pagamento volunt&aacute;rio. <\/p>\n","protected":false},"excerpt":{"rendered":"<p>A decis&atilde;o sobre a legalidade da cobran&ccedil;a de assinatura b&aacute;sica mensal para telefones fixos deve ser retomada no Superior Tribunal de Justi&ccedil;a no segundo semestre deste ano. O julgamento foi interrompido pelo pedido de vista do ministro Herman Benjamin e estava previsto para ter continuidade nesta quarta-feira (27\/6). O adiamento foi publicado no Di&aacute;rio da &hellip; <a href=\"https:\/\/obscom.intervozes.org.br\/?p=18628\" class=\"more-link\">Continue lendo <span class=\"screen-reader-text\">Decis\u00e3o sobre tarifa b\u00e1sica fica para pr\u00f3ximo semestre<\/span> <span class=\"meta-nav\">&rarr;<\/span><\/a><\/p>\n","protected":false},"author":1,"featured_media":0,"comment_status":"open","ping_status":"open","sticky":false,"template":"","format":"standard","meta":{"footnotes":""},"categories":[40],"tags":[149],"_links":{"self":[{"href":"https:\/\/obscom.intervozes.org.br\/index.php?rest_route=\/wp\/v2\/posts\/18628"}],"collection":[{"href":"https:\/\/obscom.intervozes.org.br\/index.php?rest_route=\/wp\/v2\/posts"}],"about":[{"href":"https:\/\/obscom.intervozes.org.br\/index.php?rest_route=\/wp\/v2\/types\/post"}],"author":[{"embeddable":true,"href":"https:\/\/obscom.intervozes.org.br\/index.php?rest_route=\/wp\/v2\/users\/1"}],"replies":[{"embeddable":true,"href":"https:\/\/obscom.intervozes.org.br\/index.php?rest_route=%2Fwp%2Fv2%2Fcomments&post=18628"}],"version-history":[{"count":0,"href":"https:\/\/obscom.intervozes.org.br\/index.php?rest_route=\/wp\/v2\/posts\/18628\/revisions"}],"wp:attachment":[{"href":"https:\/\/obscom.intervozes.org.br\/index.php?rest_route=%2Fwp%2Fv2%2Fmedia&parent=18628"}],"wp:term":[{"taxonomy":"category","embeddable":true,"href":"https:\/\/obscom.intervozes.org.br\/index.php?rest_route=%2Fwp%2Fv2%2Fcategories&post=18628"},{"taxonomy":"post_tag","embeddable":true,"href":"https:\/\/obscom.intervozes.org.br\/index.php?rest_route=%2Fwp%2Fv2%2Ftags&post=18628"}],"curies":[{"name":"wp","href":"https:\/\/api.w.org\/{rel}","templated":true}]}}