{"id":18625,"date":"2007-06-29T14:14:24","date_gmt":"2007-06-29T14:14:24","guid":{"rendered":"https:\/\/obscom.intervozes.org.br\/wordpress\/?p=18625"},"modified":"2007-06-29T14:14:24","modified_gmt":"2007-06-29T14:14:24","slug":"justica-arquiva-inquerito-contra-radio-comunitaria-e-devolve-aparelhagem","status":"publish","type":"post","link":"https:\/\/obscom.intervozes.org.br\/?p=18625","title":{"rendered":"Justi\u00e7a arquiva inqu\u00e9rito contra r\u00e1dio comunit\u00e1ria e devolve aparelhagem"},"content":{"rendered":"<p>A Associa&ccedil;&atilde;o Comunit&aacute;ria do Jardim Esperan&ccedil;a, no Pinheirinho, zona sul de Curitiba, tem em seu estatuto o objetivo de manter uma r&aacute;dio comunit&aacute;ria, nos termos da lei 9.612\/98, lei da radiodifus&atilde;o comunit&aacute;ria. <\/p>\n<p>No ano de 2004, enviaram pedido de autoriza&ccedil;&atilde;o para o Minist&eacute;rio das Comunica&ccedil;&otilde;es. Passados tr&ecirc;s anos, n&atilde;o houve resposta. Embora haja freq&uuml;&ecirc;ncia dispon&iacute;vel para emissoras comunit&aacute;rias na regi&atilde;o, o Minist&eacute;rio n&atilde;o deferiu o pedido. Enquanto isto, a Associa&ccedil;&atilde;o comprou com dinheiro de doa&ccedil;&otilde;es e campanhas os equipamentos para a R&aacute;dio Comunit&aacute;ria, homologados pela Ag&ecirc;ncia Nacional das Telecomunica&ccedil;&otilde;es (ANATEL). Na faixa 89,7 FM, a r&aacute;dio serviu de instrumento a pessoas e entidades que n&atilde;o t&ecirc;m lugar nas r&aacute;dios convencionais. Com informa&ccedil;&atilde;o e divers&atilde;o, a r&aacute;dio se consolidou na regi&atilde;o do Pinheirinho. <\/p>\n<p>Em 04 de mar&ccedil;o de 2005, de forma inconstitucional e ilegal, dois agentes da Anatel foram at&eacute; a Associa&ccedil;&atilde;o, interromperam o funcionamento da r&aacute;dio e lacraram os equipamentos. A Pol&iacute;cia Federal abriu inqu&eacute;rito policial e apreendeu a aparelhagem. A Associa&ccedil;&atilde;o de Moradores, representada pela Terra de Direitos, recorreu ao Judici&aacute;rio requerendo a retirada do lacre da ANATEL e a autoriza&ccedil;&atilde;o de funcionamento. Os pedidos foram negados pelo Juiz da 3&ordf; Vara Federal do Paran&aacute; e pelo Tribunal Regional Federal. <\/p>\n<p>Mas ap&oacute;s manifesta&ccedil;&atilde;o do Minist&eacute;rio P&uacute;blico Federal, pedindo o arquivamento do inqu&eacute;rito, o Juiz Federal NivaldoBrunoni da 3&ordf; Vara Federal Criminal, determinou o arquivamento e autorizou a devolu&ccedil;&atilde;o do aparelho transmissor apreendido em 30 dias. Trata-se de uma decis&atilde;o importante para garantir a liberdade a centenas de pessoas que est&atilde;o sendo processadas no Brasil pelo crime de comunicar sem autoriza&ccedil;&atilde;o do Minist&eacute;rio. <\/p>\n<p>&nbsp;<\/p>\n<p><img loading=\"lazy\" decoding=\"async\" src=\"images\/stories\/politica_publicacoes\/c_invertido_pq.png\" alt=\"Active Image\" width=\"15\" height=\"15\" \/><\/p>\n","protected":false},"excerpt":{"rendered":"<p>A Associa&ccedil;&atilde;o Comunit&aacute;ria do Jardim Esperan&ccedil;a, no Pinheirinho, zona sul de Curitiba, tem em seu estatuto o objetivo de manter uma r&aacute;dio comunit&aacute;ria, nos termos da lei 9.612\/98, lei da radiodifus&atilde;o comunit&aacute;ria. No ano de 2004, enviaram pedido de autoriza&ccedil;&atilde;o para o Minist&eacute;rio das Comunica&ccedil;&otilde;es. Passados tr&ecirc;s anos, n&atilde;o houve resposta. Embora haja freq&uuml;&ecirc;ncia dispon&iacute;vel &hellip; <a href=\"https:\/\/obscom.intervozes.org.br\/?p=18625\" class=\"more-link\">Continue lendo <span class=\"screen-reader-text\">Justi\u00e7a arquiva inqu\u00e9rito contra r\u00e1dio comunit\u00e1ria e devolve aparelhagem<\/span> <span class=\"meta-nav\">&rarr;<\/span><\/a><\/p>\n","protected":false},"author":1,"featured_media":0,"comment_status":"open","ping_status":"open","sticky":false,"template":"","format":"standard","meta":{"footnotes":""},"categories":[40],"tags":[90],"_links":{"self":[{"href":"https:\/\/obscom.intervozes.org.br\/index.php?rest_route=\/wp\/v2\/posts\/18625"}],"collection":[{"href":"https:\/\/obscom.intervozes.org.br\/index.php?rest_route=\/wp\/v2\/posts"}],"about":[{"href":"https:\/\/obscom.intervozes.org.br\/index.php?rest_route=\/wp\/v2\/types\/post"}],"author":[{"embeddable":true,"href":"https:\/\/obscom.intervozes.org.br\/index.php?rest_route=\/wp\/v2\/users\/1"}],"replies":[{"embeddable":true,"href":"https:\/\/obscom.intervozes.org.br\/index.php?rest_route=%2Fwp%2Fv2%2Fcomments&post=18625"}],"version-history":[{"count":0,"href":"https:\/\/obscom.intervozes.org.br\/index.php?rest_route=\/wp\/v2\/posts\/18625\/revisions"}],"wp:attachment":[{"href":"https:\/\/obscom.intervozes.org.br\/index.php?rest_route=%2Fwp%2Fv2%2Fmedia&parent=18625"}],"wp:term":[{"taxonomy":"category","embeddable":true,"href":"https:\/\/obscom.intervozes.org.br\/index.php?rest_route=%2Fwp%2Fv2%2Fcategories&post=18625"},{"taxonomy":"post_tag","embeddable":true,"href":"https:\/\/obscom.intervozes.org.br\/index.php?rest_route=%2Fwp%2Fv2%2Ftags&post=18625"}],"curies":[{"name":"wp","href":"https:\/\/api.w.org\/{rel}","templated":true}]}}