{"id":18619,"date":"2007-06-28T20:24:44","date_gmt":"2007-06-28T20:24:44","guid":{"rendered":"https:\/\/obscom.intervozes.org.br\/wordpress\/?p=18619"},"modified":"2007-06-28T20:24:44","modified_gmt":"2007-06-28T20:24:44","slug":"julgamento-sobre-cobranca-da-assinatura-basica-e-adiado","status":"publish","type":"post","link":"https:\/\/obscom.intervozes.org.br\/?p=18619","title":{"rendered":"Julgamento sobre cobran\u00e7a da assinatura b\u00e1sica \u00e9 adiado"},"content":{"rendered":"<p>A aprecia&ccedil;&atilde;o pela Primeira Se&ccedil;&atilde;o do Superior Tribunal de Justi&ccedil;a (STJ) da legalidade da cobran&ccedil;a de assinatura b&aacute;sica mensal para telefones fixos deve ser retomada somente no segundo semestre. O julgamento foi interrompido devido ao pedido de vista do ministro Herman Benjamin e estava previsto para ter continuidade nesta quarta-feira (27\/6). O adiamento foi publicado no Di&aacute;rio da Justi&ccedil;a de 21 de junho. <\/p>\n<p>No recurso em discuss&atilde;o, a operadora Brasil Telecom tenta reverter a decis&atilde;o do Tribunal de Justi&ccedil;a do Rio Grande do Sul (TJ\/RS) favor&aacute;vel a uma consumidora, impedindo a cobran&ccedil;a. O entendimento do relator, ministro Jos&eacute; Delgado, &eacute; pela legalidade da cobran&ccedil;a da assinatura b&aacute;sica para telefones fixos. Para o ministro, a taxa tem origem contratual e &eacute; amparada por lei, al&eacute;m de a tarifa mensal ser cobrada pelo fornecimento da infra-estrutura do sistema. <\/p>\n<p>Segundo a votar, o ministro Jo&atilde;o Ot&aacute;vio de Noronha acompanhou o relator. O pedido de vista do ministro Benjamin se deu em seguida. Ainda devem votar os ministros Luiz Fux, Teori Albino Zavascki, Castro Meira, Denise Arruda e Humberto Martins. O presidente da Se&ccedil;&atilde;o, ministro Francisco Falc&atilde;o, s&oacute;vota em caso de empate. <\/p>\n<p>A discuss&atilde;o judicial come&ccedil;ou porque uma consumidora ga&uacute;cha moveu a&ccedil;&atilde;o de inexigibilidade da cobran&ccedil;a cumulada com repeti&ccedil;&atilde;o de ind&eacute;bito (devolu&ccedil;&atilde;o dos valores pagos indevidamente). O objetivo dela, al&eacute;m de ser desobrigada do pagamento da cobran&ccedil;a, &eacute;receber de volta, em dobro, os valores pagos pela assinatura do telefone fixo &agrave; Brasil Telecom. <\/p>\n<p>Em primeira inst&acirc;ncia, a consumidora n&atilde;o teve sucesso, mas apelou ao TJ\/RS, que acatou o pedido. O Tribunal entendeu ser abusiva a exig&ecirc;ncia de contrapresta&ccedil;&atilde;o por servi&ccedil;o n&atilde;o fornecido, al&eacute;m de n&atilde;o existir previs&atilde;o legal para a cobran&ccedil;a e terem aplica&ccedil;&atilde;o ao caso as normas do C&oacute;digo de Defesa do Consumidor (CDC). <\/p>\n<p>A Brasil Telecom recorreu ao STJ, sustentando que os direitos previstos no CDC n&atilde;o excluem os decorrentes da legisla&ccedil;&atilde;o ordin&aacute;ria preexistente,qual seja, a Lei Geral das Telecomunica&ccedil;&otilde;es. Disse ainda que a tarifa mensal n&atilde;o &eacute; voltada apenas &agrave; cess&atilde;o de linha ou de terminal telef&ocirc;nico, mas tamb&eacute;m &agrave; infra-estrutura fornecida. Alega que norma da Anatel autoriza a cobran&ccedil;a da tarifa de assinatura e que somente caberia a repeti&ccedil;&atilde;o do ind&eacute;bito quando demonstrado o erro do pagamento volunt&aacute;rio. <\/p>\n","protected":false},"excerpt":{"rendered":"<p>A aprecia&ccedil;&atilde;o pela Primeira Se&ccedil;&atilde;o do Superior Tribunal de Justi&ccedil;a (STJ) da legalidade da cobran&ccedil;a de assinatura b&aacute;sica mensal para telefones fixos deve ser retomada somente no segundo semestre. O julgamento foi interrompido devido ao pedido de vista do ministro Herman Benjamin e estava previsto para ter continuidade nesta quarta-feira (27\/6). O adiamento foi publicado &hellip; <a href=\"https:\/\/obscom.intervozes.org.br\/?p=18619\" class=\"more-link\">Continue lendo <span class=\"screen-reader-text\">Julgamento sobre cobran\u00e7a da assinatura b\u00e1sica \u00e9 adiado<\/span> <span class=\"meta-nav\">&rarr;<\/span><\/a><\/p>\n","protected":false},"author":1,"featured_media":0,"comment_status":"open","ping_status":"open","sticky":false,"template":"","format":"standard","meta":{"footnotes":""},"categories":[40],"tags":[149],"_links":{"self":[{"href":"https:\/\/obscom.intervozes.org.br\/index.php?rest_route=\/wp\/v2\/posts\/18619"}],"collection":[{"href":"https:\/\/obscom.intervozes.org.br\/index.php?rest_route=\/wp\/v2\/posts"}],"about":[{"href":"https:\/\/obscom.intervozes.org.br\/index.php?rest_route=\/wp\/v2\/types\/post"}],"author":[{"embeddable":true,"href":"https:\/\/obscom.intervozes.org.br\/index.php?rest_route=\/wp\/v2\/users\/1"}],"replies":[{"embeddable":true,"href":"https:\/\/obscom.intervozes.org.br\/index.php?rest_route=%2Fwp%2Fv2%2Fcomments&post=18619"}],"version-history":[{"count":0,"href":"https:\/\/obscom.intervozes.org.br\/index.php?rest_route=\/wp\/v2\/posts\/18619\/revisions"}],"wp:attachment":[{"href":"https:\/\/obscom.intervozes.org.br\/index.php?rest_route=%2Fwp%2Fv2%2Fmedia&parent=18619"}],"wp:term":[{"taxonomy":"category","embeddable":true,"href":"https:\/\/obscom.intervozes.org.br\/index.php?rest_route=%2Fwp%2Fv2%2Fcategories&post=18619"},{"taxonomy":"post_tag","embeddable":true,"href":"https:\/\/obscom.intervozes.org.br\/index.php?rest_route=%2Fwp%2Fv2%2Ftags&post=18619"}],"curies":[{"name":"wp","href":"https:\/\/api.w.org\/{rel}","templated":true}]}}