{"id":18616,"date":"2007-06-28T18:47:51","date_gmt":"2007-06-28T18:47:51","guid":{"rendered":"https:\/\/obscom.intervozes.org.br\/wordpress\/?p=18616"},"modified":"2007-06-28T18:47:51","modified_gmt":"2007-06-28T18:47:51","slug":"forum-reune-entidades-em-brasilia-para-discutir-formacao-em-comunicacao","status":"publish","type":"post","link":"https:\/\/obscom.intervozes.org.br\/?p=18616","title":{"rendered":"F\u00f3rum re\u00fane entidades em Bras\u00edlia para discutir forma\u00e7\u00e3o em comunica\u00e7\u00e3o"},"content":{"rendered":"<p>Em iniciativa conjunta com o Conselho Federal dos profissionais de Rela&ccedil;&otilde;es P&uacute;blicas (Conferp), a FENAJ organiza nesta quinta-feira, 28\/06, um f&oacute;rum que reunir&aacute; diversas entidades nacionais da &aacute;rea da comunica&ccedil;&atilde;o em Bras&iacute;lia, no sal&atilde;o de eventos do hotel Kubitschek Plaza. O objetivo do encontro &eacute; estabelecer par&acirc;metros comuns para a forma&ccedil;&atilde;o profissional em publicidade, rela&ccedil;&otilde;es p&uacute;blicas e jornalismo.<\/p>\n","protected":false},"excerpt":{"rendered":"<p>Em iniciativa conjunta com o Conselho Federal dos profissionais de Rela&ccedil;&otilde;es P&uacute;blicas (Conferp), a FENAJ organiza nesta quinta-feira, 28\/06, um f&oacute;rum que reunir&aacute; diversas entidades nacionais da &aacute;rea da comunica&ccedil;&atilde;o em Bras&iacute;lia, no sal&atilde;o de eventos do hotel Kubitschek Plaza. O objetivo do encontro &eacute; estabelecer par&acirc;metros comuns para a forma&ccedil;&atilde;o profissional em publicidade, rela&ccedil;&otilde;es &hellip; <a href=\"https:\/\/obscom.intervozes.org.br\/?p=18616\" class=\"more-link\">Continue lendo <span class=\"screen-reader-text\">F\u00f3rum re\u00fane entidades em Bras\u00edlia para discutir forma\u00e7\u00e3o em comunica\u00e7\u00e3o<\/span> <span class=\"meta-nav\">&rarr;<\/span><\/a><\/p>\n","protected":false},"author":1,"featured_media":0,"comment_status":"open","ping_status":"open","sticky":false,"template":"","format":"standard","meta":{"footnotes":""},"categories":[39],"tags":[],"_links":{"self":[{"href":"https:\/\/obscom.intervozes.org.br\/index.php?rest_route=\/wp\/v2\/posts\/18616"}],"collection":[{"href":"https:\/\/obscom.intervozes.org.br\/index.php?rest_route=\/wp\/v2\/posts"}],"about":[{"href":"https:\/\/obscom.intervozes.org.br\/index.php?rest_route=\/wp\/v2\/types\/post"}],"author":[{"embeddable":true,"href":"https:\/\/obscom.intervozes.org.br\/index.php?rest_route=\/wp\/v2\/users\/1"}],"replies":[{"embeddable":true,"href":"https:\/\/obscom.intervozes.org.br\/index.php?rest_route=%2Fwp%2Fv2%2Fcomments&post=18616"}],"version-history":[{"count":0,"href":"https:\/\/obscom.intervozes.org.br\/index.php?rest_route=\/wp\/v2\/posts\/18616\/revisions"}],"wp:attachment":[{"href":"https:\/\/obscom.intervozes.org.br\/index.php?rest_route=%2Fwp%2Fv2%2Fmedia&parent=18616"}],"wp:term":[{"taxonomy":"category","embeddable":true,"href":"https:\/\/obscom.intervozes.org.br\/index.php?rest_route=%2Fwp%2Fv2%2Fcategories&post=18616"},{"taxonomy":"post_tag","embeddable":true,"href":"https:\/\/obscom.intervozes.org.br\/index.php?rest_route=%2Fwp%2Fv2%2Ftags&post=18616"}],"curies":[{"name":"wp","href":"https:\/\/api.w.org\/{rel}","templated":true}]}}