{"id":18614,"date":"2007-06-28T13:24:42","date_gmt":"2007-06-28T13:24:42","guid":{"rendered":"https:\/\/obscom.intervozes.org.br\/wordpress\/?p=18614"},"modified":"2007-06-28T13:24:42","modified_gmt":"2007-06-28T13:24:42","slug":"senado-aprova-indicacao-de-mario-diamante-para-a-diretoria-da-ancine","status":"publish","type":"post","link":"https:\/\/obscom.intervozes.org.br\/?p=18614","title":{"rendered":"Senado aprova indica\u00e7\u00e3o de M\u00e1rio Diamante para a diretoria da Ancine"},"content":{"rendered":"<p>O Senado aprovou nesta quarta, 27, a indica&ccedil;&atilde;o de M&aacute;rio Diamante pelo presidente Lula para a diretoria colegiada da Ancine. Pela manh&atilde;, a Comiss&atilde;o de Educa&ccedil;&atilde;o do Senado aprovou a indica&ccedil;&atilde;o por unanimidade. &Agrave; tarde, a indica&ccedil;&atilde;o foi aprovada no plen&aacute;rio da casa. Diamante &eacute; superintendente de Desenvolvimento Econ&ocirc;mico da ag&ecirc;ncia, tendo atuado ainda no BNDES e no Minist&eacute;rio da Cultura, sempre em assuntos referentes &agrave; cultura e, principalmente, ao cinema e ao audiovisual.<\/p>\n<p>Quando empossado o novo diretor, o que depende ainda de san&ccedil;&atilde;o presidencial, a diretoria colegiada da Ancine voltar&aacute; a ficar completa, com Manoel Rangel como diretor-presidente e Nilson Rodrigues, Leopoldo Nunes e M&aacute;rio Diamante como diretores. <\/p>\n","protected":false},"excerpt":{"rendered":"<p>O Senado aprovou nesta quarta, 27, a indica&ccedil;&atilde;o de M&aacute;rio Diamante pelo presidente Lula para a diretoria colegiada da Ancine. Pela manh&atilde;, a Comiss&atilde;o de Educa&ccedil;&atilde;o do Senado aprovou a indica&ccedil;&atilde;o por unanimidade. &Agrave; tarde, a indica&ccedil;&atilde;o foi aprovada no plen&aacute;rio da casa. Diamante &eacute; superintendente de Desenvolvimento Econ&ocirc;mico da ag&ecirc;ncia, tendo atuado ainda no &hellip; <a href=\"https:\/\/obscom.intervozes.org.br\/?p=18614\" class=\"more-link\">Continue lendo <span class=\"screen-reader-text\">Senado aprova indica\u00e7\u00e3o de M\u00e1rio Diamante para a diretoria da Ancine<\/span> <span class=\"meta-nav\">&rarr;<\/span><\/a><\/p>\n","protected":false},"author":1,"featured_media":0,"comment_status":"open","ping_status":"open","sticky":false,"template":"","format":"standard","meta":{"footnotes":""},"categories":[39],"tags":[],"_links":{"self":[{"href":"https:\/\/obscom.intervozes.org.br\/index.php?rest_route=\/wp\/v2\/posts\/18614"}],"collection":[{"href":"https:\/\/obscom.intervozes.org.br\/index.php?rest_route=\/wp\/v2\/posts"}],"about":[{"href":"https:\/\/obscom.intervozes.org.br\/index.php?rest_route=\/wp\/v2\/types\/post"}],"author":[{"embeddable":true,"href":"https:\/\/obscom.intervozes.org.br\/index.php?rest_route=\/wp\/v2\/users\/1"}],"replies":[{"embeddable":true,"href":"https:\/\/obscom.intervozes.org.br\/index.php?rest_route=%2Fwp%2Fv2%2Fcomments&post=18614"}],"version-history":[{"count":0,"href":"https:\/\/obscom.intervozes.org.br\/index.php?rest_route=\/wp\/v2\/posts\/18614\/revisions"}],"wp:attachment":[{"href":"https:\/\/obscom.intervozes.org.br\/index.php?rest_route=%2Fwp%2Fv2%2Fmedia&parent=18614"}],"wp:term":[{"taxonomy":"category","embeddable":true,"href":"https:\/\/obscom.intervozes.org.br\/index.php?rest_route=%2Fwp%2Fv2%2Fcategories&post=18614"},{"taxonomy":"post_tag","embeddable":true,"href":"https:\/\/obscom.intervozes.org.br\/index.php?rest_route=%2Fwp%2Fv2%2Ftags&post=18614"}],"curies":[{"name":"wp","href":"https:\/\/api.w.org\/{rel}","templated":true}]}}