{"id":18613,"date":"2007-06-28T13:18:20","date_gmt":"2007-06-28T13:18:20","guid":{"rendered":"https:\/\/obscom.intervozes.org.br\/wordpress\/?p=18613"},"modified":"2014-09-07T02:53:31","modified_gmt":"2014-09-07T02:53:31","slug":"proposta-para-modelo-de-gestao-poe-autonomia-em-risco","status":"publish","type":"post","link":"https:\/\/obscom.intervozes.org.br\/?p=18613","title":{"rendered":"Proposta para modelo de gest\u00e3o p\u00f5e autonomia em risco"},"content":{"rendered":"<p><span>Pol&ecirc;micas e desencontros marcaram a pioneira iniciativa de constitui&ccedil;&atilde;o de uma TV p&uacute;blica no Brasil, com declara&ccedil;&otilde;es precipitadas do ministro das Comunica&ccedil;&otilde;es, H&eacute;lio Costa, e sua posterior desautoriza&ccedil;&atilde;o pelo pr&oacute;prio presidente da Rep&uacute;blica. Agora, a TV Brasil &#8211; nome provis&oacute;rio da emissora &#8211; come&ccedil;a a ganhar seus primeiros contornos, em geral pr&oacute;ximos dos princ&iacute;pios defendidos pelas organiza&ccedil;&otilde;es da sociedade civil presentes no I F&oacute;rum de TVs P&uacute;blicas realizado no m&ecirc;s de maio, em Bras&iacute;lia. Os modelos de gest&atilde;o e financiamento da TV Brasil, no entanto, ainda mostram-se como as principais quest&otilde;es a serem resolvidas.<\/p>\n<p><\/span><span>A iniciativa de fomentar a discuss&atilde;o sobre a necessidade de cria&ccedil;&atilde;o de uma TV p&uacute;blica em &acirc;mbito nacional partiu do Minist&eacute;rio da Cultura (Minc) e da Radiobr&aacute;s. Acompanhado dos minist&eacute;rios de Comunica&ccedil;&otilde;es, Educa&ccedil;&atilde;o e Casa Civil, o Minc comp&otilde;e hoje o GT interministerial sob coordena&ccedil;&atilde;o do ministro Franklin Martins, da Secretaria de Comunica&ccedil;&atilde;o Social, agora a respons&aacute;vel pela concep&ccedil;&atilde;o inicial da TV. O primeiro passo, a fus&atilde;o das estruturas da Radiobr&aacute;s e da TVE, deve ser dado at&eacute; agosto deste ano e o cronograma inicial prev&ecirc; que, at&eacute; dezembro, um conselho gestor j&aacute; esteja em pleno funcionamento. Uma Medida Provis&oacute;ria (MP) deve ser expedida em breve, definindo a forma de gest&atilde;o e a figura jur&iacute;dica da nova rede.<\/p>\n<p><\/span><span><strong>Autonomia em debate<\/p>\n<p><\/strong><\/span><span>As fontes de financiamento da TV Brasil ainda s&atilde;o incertas e dependem do modelo jur&iacute;dico a ser adotado. <\/span>O governo j&aacute; vem trabalhando com a id&eacute;ia de uma funda&ccedil;&atilde;o p&uacute;blica, mas reconhece que este &eacute; um modelo evasivo em rela&ccedil;&atilde;o &agrave; garantia da autonomia financeira. Delcimar Pires, assessor do ministro Franklin Martins, diz que a legisla&ccedil;&atilde;o capaz de sustentar um modelo aut&ocirc;nomo ainda est&aacute; sendo estudada, mas promete que o debate ser&aacute; ampliado. &ldquo;No cronograma que est&aacute; em gesta&ccedil;&atilde;o, a Radiobr&aacute;s e a TVE, atrav&eacute;s de seus conselhos de gest&atilde;o e de suas diretorias, est&atilde;o debatendo as v&aacute;rias possibilidades. Tamb&eacute;m est&aacute; sendo apresentado este debate para as entidades do campo p&uacute;blico &#8211; Abepec, Abtu, Astral e AbcCom, e v&aacute;rias organiza&ccedil;&otilde;es sociais. O resultado final dever&aacute; ser uma proposta que atenda a essa quest&atilde;o da autonomia e que conte com o apoio de lideran&ccedil;as pol&iacute;ticas do pa&iacute;s atrav&eacute;s da discuss&atilde;o e vota&ccedil;&atilde;o da proposta pelo Congresso Nacional&rdquo;, afirma Pires.<\/p>\n<p>O ministro da Comunica&ccedil;&atilde;o Social, Franklin Martins, afirmou em entrevista ao jornal Folha de S&atilde;o Paulo que os recursos or&ccedil;ament&aacute;rios destinados &agrave; TV p&uacute;blica n&atilde;o devem ser contingenciados pelo governo. De acordo com Martins, essa &eacute; uma forma de evitar que o &quot;governo de plant&atilde;o&quot; pressione a rede p&uacute;blica com o estrangulamento de verbas. &quot;&Eacute; preciso haver mecanismos que impe&ccedil;am que a tornerinha de recursos esteja na m&atilde;o do pal&aacute;cio, sen&atilde;o um belo dia ele fecha e coloca a TV p&uacute;blica em uma situa&ccedil;&atilde;o desagrad&aacute;vel&quot;, disse Martins ao jornal.<\/p>\n<p>Jo&atilde;o Brant, coordenador do Intervozes, &eacute; enf&aacute;tico ao afirmar a necessidade de garantir a autonomia financeira, mas teme um poss&iacute;vel contingenciamento num modelo que n&atilde;o seja auto-sustent&aacute;vel. &ldquo;&Eacute; preciso garantir um robusto financiamento p&uacute;blico para a TV p&uacute;blica, que venha de fontes n&atilde;o contingenci&aacute;veis. O ideal mesmo seria o crescimento do setor privado alimentar o setor p&uacute;blico, o que poderia acontecer com a taxa&ccedil;&atilde;o sobre as receitas obtidas com publicidade comercial. Mas sabemos que &eacute; muito dif&iacute;cil que o governo encampe essa proposta&rdquo;.<\/p>\n<p><strong>Conselho de not&aacute;veis e diretoria chapa branca<\/p>\n<p><\/strong>At&eacute; o momento, a principal controv&eacute;rsia entre o governo federal e as organiza&ccedil;&otilde;es da sociedade civil est&aacute; na quest&atilde;o das composi&ccedil;&otilde;es do conselho gestor e da diretoria executiva da emissora. O governo entende que, para garantir a autonomia do conselho, ele pr&oacute;prio n&atilde;o pode constituir maioria (como acontece no caso da TV Cultura de S&atilde;o Paulo), e trabalha dentro dos marcos da Carta de Bras&iacute;lia <a href=\"http:\/\/localhost\/intervozes_direitoacomunicacao\/wordpress\/?p=18098\">(leia aqui)<\/a>. No entanto, ainda restam d&uacute;vidas sobre a composi&ccedil;&atilde;o do &oacute;rg&atilde;o e o processo de escolha de seus integrantes. Na proposta defendida atualmente pelo governo, consta que um conselho de not&aacute;veis escolhidos na sociedade, ainda sem crit&eacute;rio definido, ser&aacute; o respons&aacute;vel pela determina&ccedil;&atilde;o da pol&iacute;tica a ser implementada pela TV Brasil e pela fiscaliza&ccedil;&atilde;o dos atos da diretoria.<\/p>\n<p>Delcimar Pires explica que estes pontos ainda est&atilde;o em aberto. &ldquo;&Eacute; importante reafirmar o compromisso do governo brasileiro em adotar o modelo indicado pela Carta de Bras&iacute;lia, aprovada no I F&oacute;rum de TVs P&uacute;blicas: uma gest&atilde;o p&uacute;blica, atrav&eacute;s de um Conselho e com participa&ccedil;&atilde;o minorit&aacute;ria do governo. A presen&ccedil;a de not&aacute;veis n&atilde;o est&aacute; decidida, bem como o sistema de escolha de seus membros. O ministro Franklin Martins tem avaliado positivamente a necessidade de garantir a participa&ccedil;&atilde;o neste conselho das diferentes regi&otilde;es do Pa&iacute;s, e tamb&eacute;m deveremos encarar o debate sobre a quest&atilde;o de g&ecirc;nero e ra&ccedil;a&rdquo;. A diretoria, por sua vez, deve mesmo ser indicada pelo governo.<\/p>\n<p>Presente nos debates recentes sobre a instala&ccedil;&atilde;o da TV p&uacute;blica, Jo&atilde;o Brant questiona a proposta de que o Conselho seja formado por &ldquo;not&aacute;veis&rdquo; e defende que uma composi&ccedil;&atilde;o nestes marcos pode ser fatal para sua autonomia: &ldquo;A id&eacute;ia de ter &#39;not&aacute;veis&#39; como representantes da sociedade no conselho da TV p&uacute;blica &eacute; o oposto do que acreditamos. Embora possamos ter pessoas brilhantes ocupando esses espa&ccedil;os, not&aacute;veis n&atilde;o representam ningu&eacute;m sen&atilde;o eles mesmos. Al&eacute;m disso, se n&atilde;o h&aacute; crit&eacute;rios definidos, essa f&oacute;rmula abre espa&ccedil;o para que um governo indique para este posto pessoas com nenhum compromisso sen&atilde;o o de representar os interesses daquele governo, trag&eacute;dia que j&aacute; vimos acontecer na defini&ccedil;&atilde;o das vagas da sociedade civil do Conselho de Comunica&ccedil;&atilde;o Social auxiliar do Congresso Nacional&rdquo;. Brant tamb&eacute;m critica a escolha da diretoria pelo Executivo. &ldquo;Se isso acontecer, ficar&aacute; dif&iacute;cil dizer a TV &eacute; aut&ocirc;noma e independente em rela&ccedil;&atilde;o ao governo&rdquo;.<\/p>\n<p><span>A d&uacute;vida permanece, na medida em que a composi&ccedil;&atilde;o do conselho e a forma de indica&ccedil;&atilde;o da diretoria podem determinar toda a sorte da nova TV p&uacute;blica. &ldquo;Sobre a programa&ccedil;&atilde;o e o conte&uacute;do a serem veiculados, &eacute; bom lembrar a fala do presidente Lula no I F&oacute;rum: a TV P&uacute;blica n&atilde;o ser&aacute; chapa branca&rdquo;, afirma Delcimar Pires, sem, no entanto, esclarecer como ser&aacute; garantida a autonomia da TV num conselho indicado pelo Executivo e que pode ser alterado pela canetada do governo de plant&atilde;o.<\/p>\n<p><font size=\"3\"><img loading=\"lazy\" decoding=\"async\" src=\"images\/stories\/politica_publicacoes\/c_invertido_pq.png\" alt=\"Active Image\" width=\"15\" height=\"15\" \/><\/font><\/span><\/p>\n","protected":false},"excerpt":{"rendered":"<p>Franklin Martins afirma que conselho gestor da TV p\u00fablica ser\u00e1 composto por &#8220;not\u00e1veis&#8221; indicados pelo governo. Diretoria tamb\u00e9m seria de escolha exclusiva do presidente da Rep\u00fablica, colocando em risco a autonomia e independ\u00eancia antes pretendida para a emissora.<\/p>\n","protected":false},"author":1,"featured_media":0,"comment_status":"open","ping_status":"open","sticky":false,"template":"","format":"standard","meta":{"footnotes":""},"categories":[40],"tags":[301],"_links":{"self":[{"href":"https:\/\/obscom.intervozes.org.br\/index.php?rest_route=\/wp\/v2\/posts\/18613"}],"collection":[{"href":"https:\/\/obscom.intervozes.org.br\/index.php?rest_route=\/wp\/v2\/posts"}],"about":[{"href":"https:\/\/obscom.intervozes.org.br\/index.php?rest_route=\/wp\/v2\/types\/post"}],"author":[{"embeddable":true,"href":"https:\/\/obscom.intervozes.org.br\/index.php?rest_route=\/wp\/v2\/users\/1"}],"replies":[{"embeddable":true,"href":"https:\/\/obscom.intervozes.org.br\/index.php?rest_route=%2Fwp%2Fv2%2Fcomments&post=18613"}],"version-history":[{"count":1,"href":"https:\/\/obscom.intervozes.org.br\/index.php?rest_route=\/wp\/v2\/posts\/18613\/revisions"}],"predecessor-version":[{"id":27742,"href":"https:\/\/obscom.intervozes.org.br\/index.php?rest_route=\/wp\/v2\/posts\/18613\/revisions\/27742"}],"wp:attachment":[{"href":"https:\/\/obscom.intervozes.org.br\/index.php?rest_route=%2Fwp%2Fv2%2Fmedia&parent=18613"}],"wp:term":[{"taxonomy":"category","embeddable":true,"href":"https:\/\/obscom.intervozes.org.br\/index.php?rest_route=%2Fwp%2Fv2%2Fcategories&post=18613"},{"taxonomy":"post_tag","embeddable":true,"href":"https:\/\/obscom.intervozes.org.br\/index.php?rest_route=%2Fwp%2Fv2%2Ftags&post=18613"}],"curies":[{"name":"wp","href":"https:\/\/api.w.org\/{rel}","templated":true}]}}