{"id":18611,"date":"2007-06-28T12:04:13","date_gmt":"2007-06-28T12:04:13","guid":{"rendered":"https:\/\/obscom.intervozes.org.br\/wordpress\/?p=18611"},"modified":"2007-06-28T12:04:13","modified_gmt":"2007-06-28T12:04:13","slug":"conferencia-de-helio-costa-vira-seminario","status":"publish","type":"post","link":"https:\/\/obscom.intervozes.org.br\/?p=18611","title":{"rendered":"&#8220;Confer\u00eancia&#8221; de H\u00e9lio Costa vira &#8220;Semin\u00e1rio&#8221;"},"content":{"rendered":"<p style=\"margin: 0cm 0cm 0pt\" class=\"MsoNormal\"><span>Ap&oacute;s reuni&atilde;o realizada com o ministro H&eacute;lio Costa, o <\/span><span>presidente da Comiss&atilde;o de Ci&ecirc;ncia e Tecnologia, Comunica&ccedil;&atilde;o e Inform&aacute;tica, deputado Julio Semeghini (PSDB-SP), afirmou que os debates sobre a elabora&ccedil;&atilde;o de um novo marco regulat&oacute;rio para o campo das comunica&ccedil;&otilde;es prev&ecirc;em a realiza&ccedil;&atilde;o de um semin&aacute;rio em agosto para discutir atualiza&ccedil;&otilde;es nas leis em virtude da converg&ecirc;ncia tecnol&oacute;gica. <\/span><span>&quot;Esse semin&aacute;rio vai ser feito pelo Senado, pela C&acirc;mara e pelo Minist&eacute;rio das Comunica&ccedil;&otilde;es &quot;, afirmou Semeghini &agrave; Ag&ecirc;ncia C&acirc;mara. <\/span><span>Aproximadamente um&nbsp;m&ecirc;s antes, H&eacute;lio Costa havia anunciado que este&nbsp;semin&aacute;rio se chamaria &quot;Confer&ecirc;ncia Nacional de Comunica&ccedil;&atilde;o&quot;. <\/span><\/p>\n<p style=\"margin: 0cm 0cm 0pt\" class=\"MsoNormal\">&nbsp;<\/p>\n<p><span>A mudan&ccedil;a de perspectiva do evento de agosto ocorre em fun&ccedil;&atilde;o da chuva de cr&iacute;ticas que o ministro recebeu ap&oacute;s divulgar a inten&ccedil;&atilde;o de realizar a Confer&ecirc;ncia em agosto, sem a constru&ccedil;&atilde;o de uma processo participativo nos moldes das confer&ecirc;ncias j&aacute; realizadas em outras &aacute;reas, onde existem, por exemplo, eventos locais e regionais, al&eacute;m de plen&aacute;rias deliberativas e elei&ccedil;&otilde;es de delegados.<\/span> <\/p>\n<p><span>Com o recuo de H&eacute;lio Costa, ganham for&ccedil;a as organiza&ccedil;&otilde;es da sociedade civil e os parlamentares defensores de uma leg&iacute;tima Confer&ecirc;ncia Nacional de Comunica&ccedil;&atilde;o.<\/span><\/p>\n","protected":false},"excerpt":{"rendered":"<p>Ap&oacute;s reuni&atilde;o realizada com o ministro H&eacute;lio Costa, o presidente da Comiss&atilde;o de Ci&ecirc;ncia e Tecnologia, Comunica&ccedil;&atilde;o e Inform&aacute;tica, deputado Julio Semeghini (PSDB-SP), afirmou que os debates sobre a elabora&ccedil;&atilde;o de um novo marco regulat&oacute;rio para o campo das comunica&ccedil;&otilde;es prev&ecirc;em a realiza&ccedil;&atilde;o de um semin&aacute;rio em agosto para discutir atualiza&ccedil;&otilde;es nas leis em virtude &hellip; <a href=\"https:\/\/obscom.intervozes.org.br\/?p=18611\" class=\"more-link\">Continue lendo <span class=\"screen-reader-text\">&#8220;Confer\u00eancia&#8221; de H\u00e9lio Costa vira &#8220;Semin\u00e1rio&#8221;<\/span> <span class=\"meta-nav\">&rarr;<\/span><\/a><\/p>\n","protected":false},"author":1,"featured_media":0,"comment_status":"open","ping_status":"open","sticky":false,"template":"","format":"standard","meta":{"footnotes":""},"categories":[39],"tags":[],"_links":{"self":[{"href":"https:\/\/obscom.intervozes.org.br\/index.php?rest_route=\/wp\/v2\/posts\/18611"}],"collection":[{"href":"https:\/\/obscom.intervozes.org.br\/index.php?rest_route=\/wp\/v2\/posts"}],"about":[{"href":"https:\/\/obscom.intervozes.org.br\/index.php?rest_route=\/wp\/v2\/types\/post"}],"author":[{"embeddable":true,"href":"https:\/\/obscom.intervozes.org.br\/index.php?rest_route=\/wp\/v2\/users\/1"}],"replies":[{"embeddable":true,"href":"https:\/\/obscom.intervozes.org.br\/index.php?rest_route=%2Fwp%2Fv2%2Fcomments&post=18611"}],"version-history":[{"count":0,"href":"https:\/\/obscom.intervozes.org.br\/index.php?rest_route=\/wp\/v2\/posts\/18611\/revisions"}],"wp:attachment":[{"href":"https:\/\/obscom.intervozes.org.br\/index.php?rest_route=%2Fwp%2Fv2%2Fmedia&parent=18611"}],"wp:term":[{"taxonomy":"category","embeddable":true,"href":"https:\/\/obscom.intervozes.org.br\/index.php?rest_route=%2Fwp%2Fv2%2Fcategories&post=18611"},{"taxonomy":"post_tag","embeddable":true,"href":"https:\/\/obscom.intervozes.org.br\/index.php?rest_route=%2Fwp%2Fv2%2Ftags&post=18611"}],"curies":[{"name":"wp","href":"https:\/\/api.w.org\/{rel}","templated":true}]}}