{"id":18606,"date":"2007-06-27T15:45:47","date_gmt":"2007-06-27T15:45:47","guid":{"rendered":"https:\/\/obscom.intervozes.org.br\/wordpress\/?p=18606"},"modified":"2007-06-27T15:45:47","modified_gmt":"2007-06-27T15:45:47","slug":"edir-macedo-tambem-perde-acao-contra-youtube","status":"publish","type":"post","link":"https:\/\/obscom.intervozes.org.br\/?p=18606","title":{"rendered":"Edir Macedo tamb\u00e9m perde a\u00e7\u00e3o contra YouTube"},"content":{"rendered":"<div id=\"HOTWordsTxt\">Depois de Daniela Cicarelli, agora foi a vez da&nbsp;Justi&ccedil;a de S&atilde;o Paulo negar o&nbsp;pedido do bispo Edir Macedo e da Igreja Universal do Reino de Deus para a retirada de v&iacute;deos do site. A a&ccedil;&atilde;o argumentava que o conte&uacute;do caracterizava crime de &quot;difama&ccedil;&atilde;o, cal&uacute;nia e inj&uacute;ria&quot;. Entre os v&iacute;deos, estava uma s&eacute;rie de reportagens da Rede Globo que mostravam imagens com o bispo explicando aos seus pastores como conseguir doa&ccedil;&otilde;es. <\/div>\n","protected":false},"excerpt":{"rendered":"<p>Depois de Daniela Cicarelli, agora foi a vez da&nbsp;Justi&ccedil;a de S&atilde;o Paulo negar o&nbsp;pedido do bispo Edir Macedo e da Igreja Universal do Reino de Deus para a retirada de v&iacute;deos do site. A a&ccedil;&atilde;o argumentava que o conte&uacute;do caracterizava crime de &quot;difama&ccedil;&atilde;o, cal&uacute;nia e inj&uacute;ria&quot;. Entre os v&iacute;deos, estava uma s&eacute;rie de reportagens da &hellip; <a href=\"https:\/\/obscom.intervozes.org.br\/?p=18606\" class=\"more-link\">Continue lendo <span class=\"screen-reader-text\">Edir Macedo tamb\u00e9m perde a\u00e7\u00e3o contra YouTube<\/span> <span class=\"meta-nav\">&rarr;<\/span><\/a><\/p>\n","protected":false},"author":1,"featured_media":0,"comment_status":"open","ping_status":"open","sticky":false,"template":"","format":"standard","meta":{"footnotes":""},"categories":[39],"tags":[],"_links":{"self":[{"href":"https:\/\/obscom.intervozes.org.br\/index.php?rest_route=\/wp\/v2\/posts\/18606"}],"collection":[{"href":"https:\/\/obscom.intervozes.org.br\/index.php?rest_route=\/wp\/v2\/posts"}],"about":[{"href":"https:\/\/obscom.intervozes.org.br\/index.php?rest_route=\/wp\/v2\/types\/post"}],"author":[{"embeddable":true,"href":"https:\/\/obscom.intervozes.org.br\/index.php?rest_route=\/wp\/v2\/users\/1"}],"replies":[{"embeddable":true,"href":"https:\/\/obscom.intervozes.org.br\/index.php?rest_route=%2Fwp%2Fv2%2Fcomments&post=18606"}],"version-history":[{"count":0,"href":"https:\/\/obscom.intervozes.org.br\/index.php?rest_route=\/wp\/v2\/posts\/18606\/revisions"}],"wp:attachment":[{"href":"https:\/\/obscom.intervozes.org.br\/index.php?rest_route=%2Fwp%2Fv2%2Fmedia&parent=18606"}],"wp:term":[{"taxonomy":"category","embeddable":true,"href":"https:\/\/obscom.intervozes.org.br\/index.php?rest_route=%2Fwp%2Fv2%2Fcategories&post=18606"},{"taxonomy":"post_tag","embeddable":true,"href":"https:\/\/obscom.intervozes.org.br\/index.php?rest_route=%2Fwp%2Fv2%2Ftags&post=18606"}],"curies":[{"name":"wp","href":"https:\/\/api.w.org\/{rel}","templated":true}]}}