{"id":18603,"date":"2007-06-27T15:24:02","date_gmt":"2007-06-27T15:24:02","guid":{"rendered":"https:\/\/obscom.intervozes.org.br\/wordpress\/?p=18603"},"modified":"2007-06-27T15:24:02","modified_gmt":"2007-06-27T15:24:02","slug":"portaria-da-classificacao-indicativa-e-adiada-por-mais-15-dias","status":"publish","type":"post","link":"https:\/\/obscom.intervozes.org.br\/?p=18603","title":{"rendered":"Portaria da classifica\u00e7\u00e3o indicativa \u00e9 adiada por mais 15 dias"},"content":{"rendered":"<p>O Minist&eacute;rio da Justi&ccedil;a decidiu adiar por mais 15 dias a entrada em vigor da portaria da classifica&ccedil;&atilde;o indicativa. A portaria, que entraria em vigor hoje, &eacute; foco de diverg&ecirc;ncia entre alguns radiodifusores (de um lado) e governo e entidades defensoras dos direitos humanos (de outro).&nbsp;<\/p>\n<p>A justificativa do Minist&eacute;rio da Justi&ccedil;a para o novo adiamento &eacute; a s&eacute;rie de debates das &uacute;ltimas semanas, com v&aacute;rias sugest&otilde;es de diversos setores sobre o tema, que poderiam ser incorporadas &agrave; portaria. Para completar, o ministro da Justi&ccedil;a, Tarso Genro, a quem cabe a decis&atilde;o final, est&aacute; fora do pa&iacute;s.<\/p>\n","protected":false},"excerpt":{"rendered":"<p>O Minist&eacute;rio da Justi&ccedil;a decidiu adiar por mais 15 dias a entrada em vigor da portaria da classifica&ccedil;&atilde;o indicativa. A portaria, que entraria em vigor hoje, &eacute; foco de diverg&ecirc;ncia entre alguns radiodifusores (de um lado) e governo e entidades defensoras dos direitos humanos (de outro).&nbsp; A justificativa do Minist&eacute;rio da Justi&ccedil;a para o novo &hellip; <a href=\"https:\/\/obscom.intervozes.org.br\/?p=18603\" class=\"more-link\">Continue lendo <span class=\"screen-reader-text\">Portaria da classifica\u00e7\u00e3o indicativa \u00e9 adiada por mais 15 dias<\/span> <span class=\"meta-nav\">&rarr;<\/span><\/a><\/p>\n","protected":false},"author":1,"featured_media":0,"comment_status":"open","ping_status":"open","sticky":false,"template":"","format":"standard","meta":{"footnotes":""},"categories":[39],"tags":[],"_links":{"self":[{"href":"https:\/\/obscom.intervozes.org.br\/index.php?rest_route=\/wp\/v2\/posts\/18603"}],"collection":[{"href":"https:\/\/obscom.intervozes.org.br\/index.php?rest_route=\/wp\/v2\/posts"}],"about":[{"href":"https:\/\/obscom.intervozes.org.br\/index.php?rest_route=\/wp\/v2\/types\/post"}],"author":[{"embeddable":true,"href":"https:\/\/obscom.intervozes.org.br\/index.php?rest_route=\/wp\/v2\/users\/1"}],"replies":[{"embeddable":true,"href":"https:\/\/obscom.intervozes.org.br\/index.php?rest_route=%2Fwp%2Fv2%2Fcomments&post=18603"}],"version-history":[{"count":0,"href":"https:\/\/obscom.intervozes.org.br\/index.php?rest_route=\/wp\/v2\/posts\/18603\/revisions"}],"wp:attachment":[{"href":"https:\/\/obscom.intervozes.org.br\/index.php?rest_route=%2Fwp%2Fv2%2Fmedia&parent=18603"}],"wp:term":[{"taxonomy":"category","embeddable":true,"href":"https:\/\/obscom.intervozes.org.br\/index.php?rest_route=%2Fwp%2Fv2%2Fcategories&post=18603"},{"taxonomy":"post_tag","embeddable":true,"href":"https:\/\/obscom.intervozes.org.br\/index.php?rest_route=%2Fwp%2Fv2%2Ftags&post=18603"}],"curies":[{"name":"wp","href":"https:\/\/api.w.org\/{rel}","templated":true}]}}