{"id":18601,"date":"2007-06-27T15:01:20","date_gmt":"2007-06-27T15:01:20","guid":{"rendered":"https:\/\/obscom.intervozes.org.br\/wordpress\/?p=18601"},"modified":"2007-06-27T15:01:20","modified_gmt":"2007-06-27T15:01:20","slug":"para-anatel-nao-ha-espaco-para-tvs-publicas-sem-mudar-decreto-5-820","status":"publish","type":"post","link":"https:\/\/obscom.intervozes.org.br\/?p=18601","title":{"rendered":"Para Anatel, n\u00e3o h\u00e1 espa\u00e7o para TVs p\u00fablicas sem mudar Decreto 5.820"},"content":{"rendered":"<p>Bras&iacute;lia &#8211; A &uacute;nica forma de garantir espa&ccedil;o para todas as emissoras no sistema digital de televis&atilde;o &#8211; inclusive os canais p&uacute;blicos &#8211; &eacute; mudar o decreto presidencial de junho de 2006, avalia o superintendente de Servi&ccedil;os de Comunica&ccedil;&atilde;o de Massa da Ag&ecirc;ncia Nacional de Telecomunica&ccedil;&otilde;es (Anatel), Ara Apkar Minassian.<\/p>\n<p>O decreto que implanta a TV Digital no Brasil dever&aacute; ser revisto pela Casa Civil em at&eacute; tr&ecirc;s meses, estima Minassian. &ldquo;Algu&eacute;m vai ter que adequar o decreto&rdquo;, diz.<\/p>\n<p>Segundo o superintendente, &ldquo;n&atilde;o temos espa&ccedil;o&rdquo; no espectro para a cria&ccedil;&atilde;o de canais p&uacute;blicos na transmiss&atilde;o digital em S&atilde;o Paulo. Caso o processo de transforma&ccedil;&atilde;o do modo anal&oacute;gico para o digital se iniciasse hoje, &ldquo;eles estariam de fora&rdquo;, diz. Minassian esteve hoje (26) em um debate sobre o impacto da digitaliza&ccedil;&atilde;o dos servi&ccedil;os de radiodifus&atilde;o nos processos de outorga e renova&ccedil;&atilde;o de emissoras de r&aacute;dio e televis&atilde;o na Comiss&atilde;o de Ci&ecirc;ncia e Tecnologia, Comunica&ccedil;&atilde;o e Inform&aacute;tica da C&acirc;mara dos Deputados.<\/p>\n<p>Al&eacute;m dos canais p&uacute;blicos, tr&ecirc;s da oito retransmissoras que n&atilde;o possuem geradoras no estado de S&atilde;o Paulo tamb&eacute;m teriam que ficar de fora. Ele explica que, durante o processo de migra&ccedil;&atilde;o &#8211; previsto para terminar apenas em 2016 -, cada canal vai ocupar o espa&ccedil;o de dois canais, um j&aacute; existente (anal&oacute;gico) e o outro que estar&aacute; sendo criado (digital).<\/p>\n<p>O decreto que vai regular esse processo fala na cria&ccedil;&atilde;o de quatro canais p&uacute;blicos (do Executivo, cultural, educativo e da cidadania), al&eacute;m de dois canais para o legislativo (C&acirc;mara e Senado). Duplicados, somariam 12 canais. O decreto cria ainda tr&ecirc;s canais p&uacute;blicos para retransmiss&atilde;o, num total de 15 novos canais.<\/p>\n<p>A Anatel prop&otilde;e que o governo federal una todos esses canais em um &uacute;nico, mas seria preciso alterar o Decreto 5.820. &ldquo;A solu&ccedil;&atilde;o que buscamos junto ao governo &eacute; &#39;eu vou ter um canal digital para colocar os quatro&#39;. Mas o Decreto diz claramente &#39;quatro canais digitais de seis Megahertz&#39;. L&aacute; est&aacute; bem claro. Algu&eacute;m tem que definir sa&iacute;das&rdquo;, diz Minassian. Ele conta que o assunto est&aacute; sendo debatido pela Casa Civil, minist&eacute;rio das Comunica&ccedil;&otilde;es e Secretaria de Comunica&ccedil;&atilde;o Social (Secom)&rdquo;.<\/p>\n<p>Outra alternativa seria a diferencia&ccedil;&atilde;o entre emissoras geradoras e retransmissoras. Pelo Decreto todas, igualmente, ter&atilde;o direito a um canal digital. O superintendente da Anatel diz que se houvesse uma prioriza&ccedil;&atilde;o das geradoras, os canais p&uacute;blicos poderiam ocupar o espa&ccedil;o de retransmissoras.<\/p>\n<p>&ldquo;Se o governo chegar e disser para n&oacute;s, &#39;olha, esquece as retransmissoras e d&aacute; aten&ccedil;&atilde;o &agrave;s geradoras, &eacute; poss&iacute;vel alocar. Agora, isso &eacute; uma decis&atilde;o porque o decreto nivela as duas. Algu&eacute;m vai ter que tomar essa decis&atilde;o e n&atilde;o &eacute; a Ag&ecirc;ncia&rdquo;. <\/p>\n<p><!-- .replace('\n\n<p>','').replace('<\/p>\n\n','') --><br \/><img loading=\"lazy\" decoding=\"async\" src=\"images\/stories\/politica_publicacoes\/cc_pq.png\" alt=\"Active Image\" width=\"15\" height=\"15\" \/><\/p>\n","protected":false},"excerpt":{"rendered":"<p>Bras\u00edlia &#8211; A \u00fanica forma de garantir espa\u00e7o para todas as emissoras no sistema digital de televis\u00e3o &#8211; inclusive os canais p\u00fablicos &#8211; \u00e9 mudar o decreto presidencial de junho de 2006, avalia o superintendente de Servi\u00e7os de Comunica\u00e7\u00e3o de Massa da Anatel.<\/p>\n","protected":false},"author":1,"featured_media":0,"comment_status":"open","ping_status":"open","sticky":false,"template":"","format":"standard","meta":{"footnotes":""},"categories":[40],"tags":[79],"_links":{"self":[{"href":"https:\/\/obscom.intervozes.org.br\/index.php?rest_route=\/wp\/v2\/posts\/18601"}],"collection":[{"href":"https:\/\/obscom.intervozes.org.br\/index.php?rest_route=\/wp\/v2\/posts"}],"about":[{"href":"https:\/\/obscom.intervozes.org.br\/index.php?rest_route=\/wp\/v2\/types\/post"}],"author":[{"embeddable":true,"href":"https:\/\/obscom.intervozes.org.br\/index.php?rest_route=\/wp\/v2\/users\/1"}],"replies":[{"embeddable":true,"href":"https:\/\/obscom.intervozes.org.br\/index.php?rest_route=%2Fwp%2Fv2%2Fcomments&post=18601"}],"version-history":[{"count":0,"href":"https:\/\/obscom.intervozes.org.br\/index.php?rest_route=\/wp\/v2\/posts\/18601\/revisions"}],"wp:attachment":[{"href":"https:\/\/obscom.intervozes.org.br\/index.php?rest_route=%2Fwp%2Fv2%2Fmedia&parent=18601"}],"wp:term":[{"taxonomy":"category","embeddable":true,"href":"https:\/\/obscom.intervozes.org.br\/index.php?rest_route=%2Fwp%2Fv2%2Fcategories&post=18601"},{"taxonomy":"post_tag","embeddable":true,"href":"https:\/\/obscom.intervozes.org.br\/index.php?rest_route=%2Fwp%2Fv2%2Ftags&post=18601"}],"curies":[{"name":"wp","href":"https:\/\/api.w.org\/{rel}","templated":true}]}}