{"id":18599,"date":"2007-06-27T13:24:21","date_gmt":"2007-06-27T13:24:21","guid":{"rendered":"https:\/\/obscom.intervozes.org.br\/wordpress\/?p=18599"},"modified":"2007-06-27T13:24:21","modified_gmt":"2007-06-27T13:24:21","slug":"audiencia-no-senado-sobre-convergencia-digital-tem-baixa-participacao","status":"publish","type":"post","link":"https:\/\/obscom.intervozes.org.br\/?p=18599","title":{"rendered":"Audi\u00eancia no Senado sobre converg\u00eancia digital tem baixa participa\u00e7\u00e3o"},"content":{"rendered":"<p>A primeira audi&ecirc;ncia p&uacute;blica do Senado sobre converg&ecirc;ncia digital e o projeto de lei 280\/2007 do senador Flexa Ribeiro (PSDB\/PA), realizada nesta ter&ccedil;a-feira (26\/6), teve a participa&ccedil;&atilde;o de apenas uma entidade. A &uacute;nica representante do segmento a estar presente foi a Rede Global Info, associa&ccedil;&atilde;o de provedores de internet. O projeto de lei do senador envolve a regulamenta&ccedil;&atilde;o da produ&ccedil;&atilde;o, programa&ccedil;&atilde;o e provimento de conte&uacute;dos em qualquer meio eletr&ocirc;nico. <\/p>\n<p>A associa&ccedil;&atilde;o refor&ccedil;ou a import&acirc;ncia da normatiza&ccedil;&atilde;o do relacionamento entre as classes, e diante da abordagem do Senado sobre um projeto de lei para a converg&ecirc;ncia apontou a relev&acirc;ncia da cria&ccedil;&atilde;o de regras para nortear o relacionamento entre as operadoras de telefonia fixa, provedores e produtores de conte&uacute;do. <\/p>\n<p>Para o presidente da Rede Global Info, Jorge de La Rocque, cada elemento deve seguir em sua &aacute;rea de atua&ccedil;&atilde;o de maior experi&ecirc;ncia. &ldquo;N&atilde;o imagino uma operadora narrando uma partida de futebol, nem uma TV instalando uma linha telef&ocirc;nica&rdquo;, comparou. O executivo sustentou que &ldquo;provedor de conte&uacute;do &eacute; in&iacute;cio, tele &eacute; meio e provedor de acesso &eacute; fim&rdquo;. <\/p>\n<p>A entidade Global Infodestacou a import&acirc;ncia de garantia do espa&ccedil;o, a cria&ccedil;&atilde;o de conte&uacute;do nacional de qualidade e sua devida distribui&ccedil;&atilde;o aos brasileiros, em todo o pa&iacute;s. Tamb&eacute;m estiveram presentes na apresenta&ccedil;&atilde;o, representantes da Associa&ccedil;&atilde;o Brasileira de Emissoras de R&aacute;dio e Televis&atilde;o (ABERT), Associa&ccedil;&atilde;o Brasileira de Concession&aacute;rias de Servi&ccedil;o Telef&ocirc;nico Fixo Comutado (ABRAFIX) e Associa&ccedil;&atilde;o Brasileira de Imprensa (ABI). <\/p>\n<p>&ldquo;Enxergamos uma grande parceria nacional para que isso seja viabilizado, mas o projeto de lei ter&aacute; que deixar muito claro qual o papel de cada um&rdquo;, completouLa Rocque. <\/p>\n<p>A Entidade disponibilizou sua expertise para apoiar a causa no que compete aos provedores de conte&uacute;do, contando com o governo, atrav&eacute;s de suas ag&ecirc;ncias reguladoras para supervis&atilde;o do processo. &ldquo;Colocamos nossa experi&ecirc;ncia de mais de dez anos e a palavra de quem trouxe Internet para o assinante final no Brasil &agrave; disposi&ccedil;&atilde;o desta casa&rdquo;, declarou La Rocque. <\/p>\n<p>O Senado ainda vai promover outras duas audi&ecirc;ncias p&uacute;blicas sobre a pauta com outros representantes dos setores envolvidos.<\/p>\n<p>&nbsp;<img loading=\"lazy\" decoding=\"async\" src=\"images\/stories\/politica_publicacoes\/c_normal_pq.png\" alt=\"Active Image\" width=\"15\" height=\"15\" \/>&nbsp;publica&ccedil;&atilde;o autorizada.<\/p>\n","protected":false},"excerpt":{"rendered":"<p>A primeira audi&ecirc;ncia p&uacute;blica do Senado sobre converg&ecirc;ncia digital e o projeto de lei 280\/2007 do senador Flexa Ribeiro (PSDB\/PA), realizada nesta ter&ccedil;a-feira (26\/6), teve a participa&ccedil;&atilde;o de apenas uma entidade. A &uacute;nica representante do segmento a estar presente foi a Rede Global Info, associa&ccedil;&atilde;o de provedores de internet. O projeto de lei do senador &hellip; <a href=\"https:\/\/obscom.intervozes.org.br\/?p=18599\" class=\"more-link\">Continue lendo <span class=\"screen-reader-text\">Audi\u00eancia no Senado sobre converg\u00eancia digital tem baixa participa\u00e7\u00e3o<\/span> <span class=\"meta-nav\">&rarr;<\/span><\/a><\/p>\n","protected":false},"author":1,"featured_media":0,"comment_status":"open","ping_status":"open","sticky":false,"template":"","format":"standard","meta":{"footnotes":""},"categories":[40],"tags":[125],"_links":{"self":[{"href":"https:\/\/obscom.intervozes.org.br\/index.php?rest_route=\/wp\/v2\/posts\/18599"}],"collection":[{"href":"https:\/\/obscom.intervozes.org.br\/index.php?rest_route=\/wp\/v2\/posts"}],"about":[{"href":"https:\/\/obscom.intervozes.org.br\/index.php?rest_route=\/wp\/v2\/types\/post"}],"author":[{"embeddable":true,"href":"https:\/\/obscom.intervozes.org.br\/index.php?rest_route=\/wp\/v2\/users\/1"}],"replies":[{"embeddable":true,"href":"https:\/\/obscom.intervozes.org.br\/index.php?rest_route=%2Fwp%2Fv2%2Fcomments&post=18599"}],"version-history":[{"count":0,"href":"https:\/\/obscom.intervozes.org.br\/index.php?rest_route=\/wp\/v2\/posts\/18599\/revisions"}],"wp:attachment":[{"href":"https:\/\/obscom.intervozes.org.br\/index.php?rest_route=%2Fwp%2Fv2%2Fmedia&parent=18599"}],"wp:term":[{"taxonomy":"category","embeddable":true,"href":"https:\/\/obscom.intervozes.org.br\/index.php?rest_route=%2Fwp%2Fv2%2Fcategories&post=18599"},{"taxonomy":"post_tag","embeddable":true,"href":"https:\/\/obscom.intervozes.org.br\/index.php?rest_route=%2Fwp%2Fv2%2Ftags&post=18599"}],"curies":[{"name":"wp","href":"https:\/\/api.w.org\/{rel}","templated":true}]}}