{"id":18596,"date":"2007-06-27T13:01:04","date_gmt":"2007-06-27T13:01:04","guid":{"rendered":"https:\/\/obscom.intervozes.org.br\/wordpress\/?p=18596"},"modified":"2007-06-27T13:01:04","modified_gmt":"2007-06-27T13:01:04","slug":"prazo-do-mj-para-decisao-sobre-classificacao-indicativa-vence-hoje","status":"publish","type":"post","link":"https:\/\/obscom.intervozes.org.br\/?p=18596","title":{"rendered":"Prazo do MJ para decis\u00e3o sobre classifica\u00e7\u00e3o indicativa vence hoje"},"content":{"rendered":"<p>Vence&nbsp;nesta quarta (26)&nbsp;o prazo estipulado pelo ministro da Justi&ccedil;a, Tarso Genro, para uma decis&atilde;o sobre os termos finais da portaria 264, que reajusta os termos da classifica&ccedil;&atilde;o indicativa de TV no Pa&iacute;s. Assinada pelo ex-ministro M&aacute;rcio Thomaz Bastos, a portaria deveria ter entrado em vigor no dia 13 de maio, mas Genro adiou seu in&iacute;cio em 45 dias a pedido da Associa&ccedil;&atilde;o Brasileira de Emissoras de R&aacute;dio e Televis&atilde;o (Abert). O ministro pode determinar que a portaria fique como est&aacute;, anunciar altera&ccedil;&otilde;es pontuais&nbsp;ou ainda decidir por mais um prazo para nova avalia&ccedil;&atilde;o. <\/p>\n<p>A&nbsp;ministra Ellen Gracie definiu anteontem que n&atilde;o &eacute; da esfera do STF decidir sobre um pedido de a&ccedil;&atilde;o direta de inconstitucionalidade (Adin) solicitado h&aacute; anos pela Ordem dos Advogados do Brasil (OAB) sobre a portaria anterior, 796. Quanto &agrave; solicita&ccedil;&atilde;o da AGU, Ellen Gracie a encaminhou para avalia&ccedil;&atilde;o do Minist&eacute;rio P&uacute;bico Federal, que tem sido favor&aacute;vel &agrave; classifica&ccedil;&atilde;o indicativa. <\/p>\n","protected":false},"excerpt":{"rendered":"<p>Vence&nbsp;nesta quarta (26)&nbsp;o prazo estipulado pelo ministro da Justi&ccedil;a, Tarso Genro, para uma decis&atilde;o sobre os termos finais da portaria 264, que reajusta os termos da classifica&ccedil;&atilde;o indicativa de TV no Pa&iacute;s. Assinada pelo ex-ministro M&aacute;rcio Thomaz Bastos, a portaria deveria ter entrado em vigor no dia 13 de maio, mas Genro adiou seu in&iacute;cio &hellip; <a href=\"https:\/\/obscom.intervozes.org.br\/?p=18596\" class=\"more-link\">Continue lendo <span class=\"screen-reader-text\">Prazo do MJ para decis\u00e3o sobre classifica\u00e7\u00e3o indicativa vence hoje<\/span> <span class=\"meta-nav\">&rarr;<\/span><\/a><\/p>\n","protected":false},"author":1,"featured_media":0,"comment_status":"open","ping_status":"open","sticky":false,"template":"","format":"standard","meta":{"footnotes":""},"categories":[39],"tags":[],"_links":{"self":[{"href":"https:\/\/obscom.intervozes.org.br\/index.php?rest_route=\/wp\/v2\/posts\/18596"}],"collection":[{"href":"https:\/\/obscom.intervozes.org.br\/index.php?rest_route=\/wp\/v2\/posts"}],"about":[{"href":"https:\/\/obscom.intervozes.org.br\/index.php?rest_route=\/wp\/v2\/types\/post"}],"author":[{"embeddable":true,"href":"https:\/\/obscom.intervozes.org.br\/index.php?rest_route=\/wp\/v2\/users\/1"}],"replies":[{"embeddable":true,"href":"https:\/\/obscom.intervozes.org.br\/index.php?rest_route=%2Fwp%2Fv2%2Fcomments&post=18596"}],"version-history":[{"count":0,"href":"https:\/\/obscom.intervozes.org.br\/index.php?rest_route=\/wp\/v2\/posts\/18596\/revisions"}],"wp:attachment":[{"href":"https:\/\/obscom.intervozes.org.br\/index.php?rest_route=%2Fwp%2Fv2%2Fmedia&parent=18596"}],"wp:term":[{"taxonomy":"category","embeddable":true,"href":"https:\/\/obscom.intervozes.org.br\/index.php?rest_route=%2Fwp%2Fv2%2Fcategories&post=18596"},{"taxonomy":"post_tag","embeddable":true,"href":"https:\/\/obscom.intervozes.org.br\/index.php?rest_route=%2Fwp%2Fv2%2Ftags&post=18596"}],"curies":[{"name":"wp","href":"https:\/\/api.w.org\/{rel}","templated":true}]}}