{"id":18593,"date":"2007-06-26T20:56:00","date_gmt":"2007-06-26T20:56:00","guid":{"rendered":"https:\/\/obscom.intervozes.org.br\/wordpress\/?p=18593"},"modified":"2007-06-26T20:56:00","modified_gmt":"2007-06-26T20:56:00","slug":"brasil-e-eleito-para-comite-da-convencao-sobre-diversidade-cultural","status":"publish","type":"post","link":"https:\/\/obscom.intervozes.org.br\/?p=18593","title":{"rendered":"Brasil \u00e9 eleito para comit\u00ea da conven\u00e7\u00e3o sobre diversidade cultural"},"content":{"rendered":"<p><span>O Brasil acaba de ser eleito, com vota&ccedil;&atilde;o expressiva, membro do Comit&ecirc; Intergovernamental da Conven&ccedil;&atilde;o sobre a Prote&ccedil;&atilde;o e Promo&ccedil;&atilde;o da Diversidade das Express&otilde;es Culturais, no &acirc;mbito da Organiza&ccedil;&atilde;o das Na&ccedil;&otilde;es Unidas para a Educa&ccedil;&atilde;o, a Ci&ecirc;ncia e a Cultura (Unesco). A elei&ccedil;&atilde;o ocorreu no &uacute;ltimo dia 19 de junho, durante o segundo dia da I Sess&atilde;o da Confer&ecirc;ncia das Partes da Conven&ccedil;&atilde;o, na sede da Unesco em Paris, e consolida a posi&ccedil;&atilde;o do Brasil como lideran&ccedil;a entre os pa&iacute;ses empenhados em debater pol&iacute;ticas p&uacute;blicas para a cultura de forma soberana.<\/p>\n<p><\/span><span>Os membros do Comit&ecirc; Intergovernamental ter&atilde;o mandato de quatro anos, por&eacute;m, nesta primeira elei&ccedil;&atilde;o, foram sorteados 12 pa&iacute;ses que ter&atilde;o seus mandatos reduzidos para dois anos (Brasil, &Aacute;ustria, Canad&aacute;, Finl&acirc;ndia, Fran&ccedil;a, Alb&acirc;nia, Eslov&ecirc;nia, Guatemala, China, Burkina Faso, Mal&iacute; e Tun&iacute;sia). Esta op&ccedil;&atilde;o foi adotada com o objetivo de permitir uma renova&ccedil;&atilde;o de metade do grupo a cada dois anos. Os outros 12 pa&iacute;ses que integram o Comit&ecirc; s&atilde;o Alemanha, Luxemburgo, Gr&eacute;cia, Cro&aacute;cia, Litu&acirc;nia, M&eacute;xico, Santa Luc&iacute;a, &Iacute;ndia, &Aacute;frica do Sul, Rep&uacute;blica de Maur&iacute;cio, Senegal e Oman.<\/p>\n<p><\/span><span>O secret&aacute;rio executivo do Minist&eacute;rio da Cultura, Juca Ferreira, que chefiou a delega&ccedil;&atilde;o brasileira, afirmou que a Conven&ccedil;&atilde;o &eacute; o meio em que os pa&iacute;ses reafirmam seu direito soberano de formular e executar suas pol&iacute;ticas culturais. &ldquo;O Brasil manifesta seu apoio incondicional &agrave; implementa&ccedil;&atilde;o da Conven&ccedil;&atilde;o. Nossa convic&ccedil;&atilde;o &eacute; a de que a diversidade cultural &eacute; uma atividade simb&oacute;lica, social e econ&ocirc;mica da humanidade, em permanente estado de transforma&ccedil;&atilde;o. Este instrumento de coopera&ccedil;&atilde;o multilateral ser&aacute; uma forma de compartilhar estas riquezas com todos os homens&rdquo;.<\/p>\n<p><\/span><span>A Confer&ecirc;ncia das Partes ter&aacute; reuni&atilde;o a cada dois anos, no m&ecirc;s de junho, preferencialmente em Paris. O Comit&ecirc; Intergovernamental ter&aacute; reuni&otilde;es anuais, mas dever&aacute; realizar sess&otilde;es extraordin&aacute;rias sempre que necess&aacute;rio. A primeira reuni&atilde;o do Comit&ecirc; eleito acontecer&aacute; em Otawa, no Canad&aacute;, em dezembro.<\/p>\n<p><\/span><span>A comiss&atilde;o dever&aacute; incentivar a implementa&ccedil;&atilde;o de pol&iacute;ticas que viabilizem a conven&ccedil;&atilde;o, preparar diretrizes operacionais, analisar os relat&oacute;rios das Partes, fazer recomenda&ccedil;&otilde;es e estabelecer procedimentos e mecanismos de consulta. Al&eacute;m da elei&ccedil;&atilde;o do Comit&ecirc; Intergovernamental, foram aprovadas resolu&ccedil;&otilde;es sobre o regulamento e funcionamento da Confer&ecirc;ncia das Partes, em especial o Fundo Internacional para a Diversidade.<\/p>\n<p><\/span><span>Os principais pontos ressaltados durante a Sess&atilde;o dizem respeito aos desafios da implementa&ccedil;&atilde;o da Conven&ccedil;&atilde;o, como a coopera&ccedil;&atilde;o internacional, a dissemina&ccedil;&atilde;o de pol&iacute;ticas culturais para a diversidade em cada pa&iacute;s-membro e a participa&ccedil;&atilde;o da sociedade civil, cujo papel &eacute; essencial para o seu &ecirc;xito, com o envolvimento dos movimentos sociais.<\/p>\n<p><\/span><span>Para formular pr&aacute;ticas e pensar perspectivas nos princ&iacute;pios da Conven&ccedil;&atilde;o, a Organiza&ccedil;&atilde;o dos Estados Americanos (OEA) em parceria com o governo federal realiza, nesta semana, em Bras&iacute;lia o Semin&aacute;rio Internacional sobre Diversidade Cultural &ndash; Pr&aacute;ticas e Perspectivas que 100canais cobrir&aacute; na &iacute;ntegra.<\/p>\n<p><\/span><span>(*) Com informa&ccedil;&otilde;es da Comunica&ccedil;&atilde;o Social do MinC.<\/p>\n<p><font size=\"3\"><img loading=\"lazy\" decoding=\"async\" src=\"images\/stories\/politica_publicacoes\/c_invertido_pq.png\" alt=\"Active Image\" width=\"15\" height=\"15\" \/><\/font><\/span><\/p>\n","protected":false},"excerpt":{"rendered":"<p>O Brasil acaba de ser eleito, com vota\u00e7\u00e3o expressiva, membro do Comit\u00ea Intergovernamental da Conven\u00e7\u00e3o sobre a Prote\u00e7\u00e3o e Promo\u00e7\u00e3o da Diversidade das Express\u00f5es Culturais, no \u00e2mbito da Organiza\u00e7\u00e3o das Na\u00e7\u00f5es Unidas para a Educa\u00e7\u00e3o, a Ci\u00eancia e a Cultura (Unesco).<\/p>\n","protected":false},"author":1,"featured_media":0,"comment_status":"open","ping_status":"open","sticky":false,"template":"","format":"standard","meta":{"footnotes":""},"categories":[40],"tags":[297],"_links":{"self":[{"href":"https:\/\/obscom.intervozes.org.br\/index.php?rest_route=\/wp\/v2\/posts\/18593"}],"collection":[{"href":"https:\/\/obscom.intervozes.org.br\/index.php?rest_route=\/wp\/v2\/posts"}],"about":[{"href":"https:\/\/obscom.intervozes.org.br\/index.php?rest_route=\/wp\/v2\/types\/post"}],"author":[{"embeddable":true,"href":"https:\/\/obscom.intervozes.org.br\/index.php?rest_route=\/wp\/v2\/users\/1"}],"replies":[{"embeddable":true,"href":"https:\/\/obscom.intervozes.org.br\/index.php?rest_route=%2Fwp%2Fv2%2Fcomments&post=18593"}],"version-history":[{"count":0,"href":"https:\/\/obscom.intervozes.org.br\/index.php?rest_route=\/wp\/v2\/posts\/18593\/revisions"}],"wp:attachment":[{"href":"https:\/\/obscom.intervozes.org.br\/index.php?rest_route=%2Fwp%2Fv2%2Fmedia&parent=18593"}],"wp:term":[{"taxonomy":"category","embeddable":true,"href":"https:\/\/obscom.intervozes.org.br\/index.php?rest_route=%2Fwp%2Fv2%2Fcategories&post=18593"},{"taxonomy":"post_tag","embeddable":true,"href":"https:\/\/obscom.intervozes.org.br\/index.php?rest_route=%2Fwp%2Fv2%2Ftags&post=18593"}],"curies":[{"name":"wp","href":"https:\/\/api.w.org\/{rel}","templated":true}]}}