{"id":18585,"date":"2007-06-26T15:42:10","date_gmt":"2007-06-26T15:42:10","guid":{"rendered":"https:\/\/obscom.intervozes.org.br\/wordpress\/?p=18585"},"modified":"2007-06-26T15:42:10","modified_gmt":"2007-06-26T15:42:10","slug":"ministros-da-cultura-de-dez-paises-americanos-participam-de-seminario-em-brasilia","status":"publish","type":"post","link":"https:\/\/obscom.intervozes.org.br\/?p=18585","title":{"rendered":"Ministros da Cultura de dez pa\u00edses americanos participam de semin\u00e1rio em Bras\u00edlia"},"content":{"rendered":"<p>Dez ministros da Cultura de pa&iacute;ses americanos estar&atilde;o em Bras&iacute;lia, de 27 a 29 de junho, no Semin&aacute;rio Internacional sobre Diversidade Cultural, organizado pelo Minist&eacute;rio da Cultura em parceria com a Organiza&ccedil;&atilde;o dos Estados Americanos (OEA). <\/p>\n<p>O semin&aacute;rio ser&aacute; dividido em quatro pain&eacute;is sobre os temas diversidade cultural nos pa&iacute;ses das Am&eacute;ricas, comunica&ccedil;&atilde;o e a converg&ecirc;ncia digital, a economia da cultura e os setores estrat&eacute;gicos e globaliza&ccedil;&atilde;o e cultura.<\/p>\n<p>&ldquo;Os processos econ&ocirc;micos ligados &agrave; globaliza&ccedil;&atilde;o trazem, em certos setores, uma forte homogeinza&ccedil;&atilde;o da programa&ccedil;&atilde;o cultural, que impede o acesso &agrave; cultura de outros pa&iacute;ses e outras regi&otilde;es. O cinema talvez seja a maior v&iacute;tima da uniformiza&ccedil;&atilde;o de processos econ&ocirc;micos que acabam abalando processos culturais&rdquo;, afirma o secret&aacute;rio de Pol&iacute;ticas Culturais do minist&eacute;rio da Cultura, Alfredo Manevy.<\/p>\n<p>Em cada painel, uma palestra vai iniciar o tema e, em seguida, pa&iacute;ses-membros da OEA v&atilde;o contar como trabalhar a quest&atilde;o na pr&aacute;tica, mostrando experi&ecirc;ncias de pol&iacute;ticas p&uacute;blicas, programas e a&ccedil;&otilde;es governamentais que deram certo em seu pa&iacute;s.<\/p>\n<p>O ministro da Cultura, Gilberto Gil, vai participar da cerim&ocirc;nia de abertura do evento, juntamente com o presidente da Comiss&atilde;o Interamericana de Cultura (CIC), Andr&eacute; Frenette; a diretora do Departamento de Educa&ccedil;&atilde;o e Cultura da OEA, Lenore Garcia, e outras autoridades de Cultura dos pa&iacute;ses da OEA. Dez ministros da Cultura de pa&iacute;ses americanos j&aacute; confirmaram presen&ccedil;a.<\/p>\n<p>A diversidade cultural tamb&eacute;m ser&aacute; discutida do ponto de vista acad&ecirc;mico. &ldquo;O objetivo &eacute; fazer o cruzamento entre essas discuss&otilde;es para que a acad&ecirc;mica n&atilde;o fique isolada, mas possa impactar nas pol&iacute;ticas p&uacute;blicas e possa qualificar a segmenta&ccedil;&atilde;o dessas pol&iacute;ticas p&uacute;blicas e os governos, representados pelos ministros da Cultura, que v&atilde;o apresentar o que est&atilde;o fazendo e o que pretendem fazer&rdquo;, explica o secret&aacute;rio.<\/p>\n<p>Entre os especialistas que devem participar do evento est&atilde;o o ex-diretor do Centro de Estudos Latino-Americanos e Caribenhos da Universidade de Nova York, George Y&uacute;dice; o professor uruguaio titular de Literatura Latino-Americana da University of Miami, Hugo Achugar; o professor e pol&iacute;tico sul-africano que participou junto com Nelson Mandela da luta pela democracia racial na &Aacute;frica do Sul, Mac Maharaj.<\/p>\n<p>O primeiro palestrante &eacute; o escritor franc&ecirc;s Ignacio Ramonet, presidente e diretor de reda&ccedil;&atilde;o do peri&oacute;dico franc&ecirc;s Le Monde Diplomatique. Autor dos livros &ldquo;Geopol&iacute;tica do Caos&rdquo;, &ldquo;Guerras do S&eacute;culo XXI&rdquo;, &ldquo;O que &eacute; globaliza&ccedil;&atilde;o?&rdquo; e &ldquo;A Tirania da Comunica&ccedil;&atilde;o&rdquo;, o especialista vai falar sobre a diversidade cultural no mundo contempor&acirc;neo frente &agrave; globaliza&ccedil;&atilde;o.<\/p>\n<p>O &uacute;nico brasileiro da lista &eacute; o antrop&oacute;logo Eduardo Viveiros de Castro, autor de &ldquo;A inconst&acirc;ncia da alma selvagem&rdquo; e &ldquo;Antropologia do Parentesco: Estudos Amer&iacute;ndios&rdquo;, entre diversas outras obras sobre cultura ind&iacute;gena no Brasil e nas Am&eacute;ricas.<\/p>\n<p>As inscri&ccedil;&otilde;es para participar do semin&aacute;rio j&aacute; est&atilde;o fechadas. O evento ser&aacute; transmitido ao vivo pelo site do minist&eacute;rio (<a href=\"http:\/\/www.cultura.gov.br\/\">www.cultura.gov.br<\/a>) e pode ser acompanhado com internet banda larga. Institui&ccedil;&otilde;es culturais e educativas est&atilde;o sendo incentivas a transmitirem para aumentar o n&uacute;mero de acessos.<\/p>\n<p><img loading=\"lazy\" decoding=\"async\" src=\"images\/stories\/politica_publicacoes\/cc_pq.png\" alt=\"Active Image\" width=\"15\" height=\"15\" \/><\/p>\n","protected":false},"excerpt":{"rendered":"<p>Dez ministros da Cultura de pa&iacute;ses americanos estar&atilde;o em Bras&iacute;lia, de 27 a 29 de junho, no Semin&aacute;rio Internacional sobre Diversidade Cultural, organizado pelo Minist&eacute;rio da Cultura em parceria com a Organiza&ccedil;&atilde;o dos Estados Americanos (OEA). O semin&aacute;rio ser&aacute; dividido em quatro pain&eacute;is sobre os temas diversidade cultural nos pa&iacute;ses das Am&eacute;ricas, comunica&ccedil;&atilde;o e a &hellip; <a href=\"https:\/\/obscom.intervozes.org.br\/?p=18585\" class=\"more-link\">Continue lendo <span class=\"screen-reader-text\">Ministros da Cultura de dez pa\u00edses americanos participam de semin\u00e1rio em Bras\u00edlia<\/span> <span class=\"meta-nav\">&rarr;<\/span><\/a><\/p>\n","protected":false},"author":1,"featured_media":0,"comment_status":"open","ping_status":"open","sticky":false,"template":"","format":"standard","meta":{"footnotes":""},"categories":[40],"tags":[295],"_links":{"self":[{"href":"https:\/\/obscom.intervozes.org.br\/index.php?rest_route=\/wp\/v2\/posts\/18585"}],"collection":[{"href":"https:\/\/obscom.intervozes.org.br\/index.php?rest_route=\/wp\/v2\/posts"}],"about":[{"href":"https:\/\/obscom.intervozes.org.br\/index.php?rest_route=\/wp\/v2\/types\/post"}],"author":[{"embeddable":true,"href":"https:\/\/obscom.intervozes.org.br\/index.php?rest_route=\/wp\/v2\/users\/1"}],"replies":[{"embeddable":true,"href":"https:\/\/obscom.intervozes.org.br\/index.php?rest_route=%2Fwp%2Fv2%2Fcomments&post=18585"}],"version-history":[{"count":0,"href":"https:\/\/obscom.intervozes.org.br\/index.php?rest_route=\/wp\/v2\/posts\/18585\/revisions"}],"wp:attachment":[{"href":"https:\/\/obscom.intervozes.org.br\/index.php?rest_route=%2Fwp%2Fv2%2Fmedia&parent=18585"}],"wp:term":[{"taxonomy":"category","embeddable":true,"href":"https:\/\/obscom.intervozes.org.br\/index.php?rest_route=%2Fwp%2Fv2%2Fcategories&post=18585"},{"taxonomy":"post_tag","embeddable":true,"href":"https:\/\/obscom.intervozes.org.br\/index.php?rest_route=%2Fwp%2Fv2%2Ftags&post=18585"}],"curies":[{"name":"wp","href":"https:\/\/api.w.org\/{rel}","templated":true}]}}