{"id":18581,"date":"2007-06-26T13:52:37","date_gmt":"2007-06-26T13:52:37","guid":{"rendered":"https:\/\/obscom.intervozes.org.br\/wordpress\/?p=18581"},"modified":"2007-06-26T13:52:37","modified_gmt":"2007-06-26T13:52:37","slug":"anatel-nao-pode-mais-destinar-frequencias-para-testes","status":"publish","type":"post","link":"https:\/\/obscom.intervozes.org.br\/?p=18581","title":{"rendered":"Anatel n\u00e3o pode mais destinar freq\u00fc\u00eancias para testes"},"content":{"rendered":"<p>Sem alarde, foi publicado no dia 13 de junho o Decreto n&ordm; 6.123 do presidente Luiz In&aacute;cio Lula da Silva que retira da Anatel a destina&ccedil;&atilde;o de freq&uuml;&ecirc;ncias para a realiza&ccedil;&atilde;o de testes de radiodifus&atilde;o. Conforme o decreto, &ldquo; a execu&ccedil;&atilde;o de Servi&ccedil;o Especial de Fins Cient&iacute;ficos e Experimentais que envolva experimentos de transmiss&atilde;o de sinais de radiodifus&atilde;o ou de demonstra&ccedil;&atilde;o de sistemas desenvolvidos para essa finalidade deve ser, independentemente de autoriza&ccedil;&atilde;o da Ag&ecirc;ncia Nacional de Telecomunica&ccedil;&otilde;es &ndash; Anatel, precedida de aprova&ccedil;&atilde;o do Minist&eacute;rio das Comunica&ccedil;&otilde;es. Cabe ao minist&eacute;rio estabelecer os procedimentos operacionais necess&aacute;rios ao requerimento para a execu&ccedil;&atilde;o do servi&ccedil;o disposto neste decreto.&rdquo;<\/p>\n<p>O decreto atende um pleito da Abert (Associa&ccedil;&atilde;o Brasileira das Emissoras de R&aacute;dio e TV), que estava questionando os crit&eacute;rios adotados pela ag&ecirc;ncia para conceder as licen&ccedil;as para a realiza&ccedil;&atilde;o dos testes do padr&atilde;o da r&aacute;dio digital. A ag&ecirc;ncia havia autorizado diferentes r&aacute;dios comerciais a realizarem os testes com o sistema norte-americano IBOC e &agrave; Radiobr&aacute;s para realizar testes com o sistema europeu, o DRM. Mas, para alguns radiodifusores, a ag&ecirc;ncia, ao conceder a licen&ccedil;a para uma r&aacute;dio e se recusar a conceder licen&ccedil;a para outra r&aacute;dio na mesma cidade, estaria prejudicando a concorr&ecirc;ncia entre as emissoras. Resta saber agora se a Anatel vai conseguir encaixar os pleitos de todos os que o minist&eacute;rio quiser atender, sem comprometer o espectro de freq&uuml;&ecirc;ncia.<\/p>\n<p>&nbsp;<img loading=\"lazy\" decoding=\"async\" src=\"images\/stories\/politica_publicacoes\/c_normal_pq.png\" alt=\"Active Image\" width=\"15\" height=\"15\" \/>&nbsp;publica&ccedil;&atilde;o autorizada.<\/p>\n<p>&nbsp;<\/p>\n","protected":false},"excerpt":{"rendered":"<p>Sem alarde, foi publicado no dia 13 de junho o Decreto n&ordm; 6.123 do presidente Luiz In&aacute;cio Lula da Silva que retira da Anatel a destina&ccedil;&atilde;o de freq&uuml;&ecirc;ncias para a realiza&ccedil;&atilde;o de testes de radiodifus&atilde;o. Conforme o decreto, &ldquo; a execu&ccedil;&atilde;o de Servi&ccedil;o Especial de Fins Cient&iacute;ficos e Experimentais que envolva experimentos de transmiss&atilde;o de &hellip; <a href=\"https:\/\/obscom.intervozes.org.br\/?p=18581\" class=\"more-link\">Continue lendo <span class=\"screen-reader-text\">Anatel n\u00e3o pode mais destinar freq\u00fc\u00eancias para testes<\/span> <span class=\"meta-nav\">&rarr;<\/span><\/a><\/p>\n","protected":false},"author":1,"featured_media":0,"comment_status":"open","ping_status":"open","sticky":false,"template":"","format":"standard","meta":{"footnotes":""},"categories":[40],"tags":[236],"_links":{"self":[{"href":"https:\/\/obscom.intervozes.org.br\/index.php?rest_route=\/wp\/v2\/posts\/18581"}],"collection":[{"href":"https:\/\/obscom.intervozes.org.br\/index.php?rest_route=\/wp\/v2\/posts"}],"about":[{"href":"https:\/\/obscom.intervozes.org.br\/index.php?rest_route=\/wp\/v2\/types\/post"}],"author":[{"embeddable":true,"href":"https:\/\/obscom.intervozes.org.br\/index.php?rest_route=\/wp\/v2\/users\/1"}],"replies":[{"embeddable":true,"href":"https:\/\/obscom.intervozes.org.br\/index.php?rest_route=%2Fwp%2Fv2%2Fcomments&post=18581"}],"version-history":[{"count":0,"href":"https:\/\/obscom.intervozes.org.br\/index.php?rest_route=\/wp\/v2\/posts\/18581\/revisions"}],"wp:attachment":[{"href":"https:\/\/obscom.intervozes.org.br\/index.php?rest_route=%2Fwp%2Fv2%2Fmedia&parent=18581"}],"wp:term":[{"taxonomy":"category","embeddable":true,"href":"https:\/\/obscom.intervozes.org.br\/index.php?rest_route=%2Fwp%2Fv2%2Fcategories&post=18581"},{"taxonomy":"post_tag","embeddable":true,"href":"https:\/\/obscom.intervozes.org.br\/index.php?rest_route=%2Fwp%2Fv2%2Ftags&post=18581"}],"curies":[{"name":"wp","href":"https:\/\/api.w.org\/{rel}","templated":true}]}}