{"id":18580,"date":"2007-06-26T13:38:24","date_gmt":"2007-06-26T13:38:24","guid":{"rendered":"https:\/\/obscom.intervozes.org.br\/wordpress\/?p=18580"},"modified":"2007-06-26T13:38:24","modified_gmt":"2007-06-26T13:38:24","slug":"frente-parlamentar-em-defesa-das-radios-comunitarias-e-lancada-em-sp","status":"publish","type":"post","link":"https:\/\/obscom.intervozes.org.br\/?p=18580","title":{"rendered":"Frente parlamentar em defesa das r\u00e1dios comunit\u00e1rias \u00e9 lan\u00e7ada em SP"},"content":{"rendered":"<p>Foi lan&ccedil;ada nesta segunda-feira (25\/06), durante a 11&ordf; Mesa de Trabalho em Defesa das R&aacute;dios Comunit&aacute;rias e da Democracia da Comunica&ccedil;&atilde;o,&nbsp;a Frente Parlamentar em Defesa das R&aacute;dios Comunit&aacute;rias de S&atilde;o Paulo. A Frente &eacute; uma iniciativa dos vereadores Carlos Neder (PT), Chico Macena (PT), Soninha (PT) e Eliseu Gabriel (PDT).<\/p>\n","protected":false},"excerpt":{"rendered":"<p>Foi lan&ccedil;ada nesta segunda-feira (25\/06), durante a 11&ordf; Mesa de Trabalho em Defesa das R&aacute;dios Comunit&aacute;rias e da Democracia da Comunica&ccedil;&atilde;o,&nbsp;a Frente Parlamentar em Defesa das R&aacute;dios Comunit&aacute;rias de S&atilde;o Paulo. A Frente &eacute; uma iniciativa dos vereadores Carlos Neder (PT), Chico Macena (PT), Soninha (PT) e Eliseu Gabriel (PDT).<\/p>\n","protected":false},"author":1,"featured_media":0,"comment_status":"open","ping_status":"open","sticky":false,"template":"","format":"standard","meta":{"footnotes":""},"categories":[39],"tags":[],"_links":{"self":[{"href":"https:\/\/obscom.intervozes.org.br\/index.php?rest_route=\/wp\/v2\/posts\/18580"}],"collection":[{"href":"https:\/\/obscom.intervozes.org.br\/index.php?rest_route=\/wp\/v2\/posts"}],"about":[{"href":"https:\/\/obscom.intervozes.org.br\/index.php?rest_route=\/wp\/v2\/types\/post"}],"author":[{"embeddable":true,"href":"https:\/\/obscom.intervozes.org.br\/index.php?rest_route=\/wp\/v2\/users\/1"}],"replies":[{"embeddable":true,"href":"https:\/\/obscom.intervozes.org.br\/index.php?rest_route=%2Fwp%2Fv2%2Fcomments&post=18580"}],"version-history":[{"count":0,"href":"https:\/\/obscom.intervozes.org.br\/index.php?rest_route=\/wp\/v2\/posts\/18580\/revisions"}],"wp:attachment":[{"href":"https:\/\/obscom.intervozes.org.br\/index.php?rest_route=%2Fwp%2Fv2%2Fmedia&parent=18580"}],"wp:term":[{"taxonomy":"category","embeddable":true,"href":"https:\/\/obscom.intervozes.org.br\/index.php?rest_route=%2Fwp%2Fv2%2Fcategories&post=18580"},{"taxonomy":"post_tag","embeddable":true,"href":"https:\/\/obscom.intervozes.org.br\/index.php?rest_route=%2Fwp%2Fv2%2Ftags&post=18580"}],"curies":[{"name":"wp","href":"https:\/\/api.w.org\/{rel}","templated":true}]}}