{"id":18579,"date":"2007-06-26T13:00:46","date_gmt":"2007-06-26T13:00:46","guid":{"rendered":"https:\/\/obscom.intervozes.org.br\/wordpress\/?p=18579"},"modified":"2007-06-26T13:00:46","modified_gmt":"2007-06-26T13:00:46","slug":"fundo-de-universalizacao-das-teles-financiara-inclusao-digital","status":"publish","type":"post","link":"https:\/\/obscom.intervozes.org.br\/?p=18579","title":{"rendered":"Fundo de universaliza\u00e7\u00e3o das teles financiar\u00e1 inclus\u00e3o digital"},"content":{"rendered":"<p>O Senado Federal aprovou, na &uacute;ltima semana, projeto de lei do senador Aloizio Mercadante (PT-SP), que prop&otilde;e a utiliza&ccedil;&atilde;o do Fundo de Universaliza&ccedil;&atilde;o dos Servi&ccedil;os de Telecomunica&ccedil;&otilde;es (Fust) para o financiamento da inclus&atilde;o digital nas escolas p&uacute;blicas e privadas do pa&iacute;s.<\/p>\n<p>O projeto 00103\/2007, de 13\/03\/2007, determina que sejam efetuadas altera&ccedil;&otilde;es nas leis n&ordm; 9.394, de 20 de dezembro de 1996, e n&ordm; 9.998, de 17 de agosto de 2000, com o prop&oacute;sito de dispor sobre o acesso a redes digitais de informa&ccedil;&atilde;o em estabelecimentos de ensino. <\/p>\n<p>De acordo com a altera&ccedil;&atilde;o, at&eacute; 31 de dezembro de 2013, todos os estabelecimentos p&uacute;blicos e particulares de educa&ccedil;&atilde;o b&aacute;sica e superior dever&atilde;o dispor de acesso a redes digitais de informa&ccedil;&atilde;o para uso dos profissionais da educa&ccedil;&atilde;o e dos estudantes. Para a aplica&ccedil;&atilde;o da proposi&ccedil;&atilde;o, o Fust ficou encarregado de prover os recursos financeiros.<\/p>\n<p>A proposi&ccedil;&atilde;o determina que 75% dos recursos arrecadados pelo Fundo sejam destinados &agrave; universaliza&ccedil;&atilde;o das redes de informa&ccedil;&atilde;o em estabelecimentos de ensino, at&eacute; que todas as institui&ccedil;&otilde;es educacionais brasileiras possuam, efetivamente, acesso a tecnologia digital. Confira a &iacute;ntegra do PLS 00103\/2007 clicando aqui: <a href=\"http:\/\/www.senado.gov.br\/sf\/atividade\/Materia\/getHTML.asp?t=9415\">http:\/\/www.senado.gov.br\/sf\/atividade\/Materia\/getHTML.asp?t=9415<\/a><\/p>\n<p><\/p>\n","protected":false},"excerpt":{"rendered":"<p>O Senado Federal aprovou, na &uacute;ltima semana, projeto de lei do senador Aloizio Mercadante (PT-SP), que prop&otilde;e a utiliza&ccedil;&atilde;o do Fundo de Universaliza&ccedil;&atilde;o dos Servi&ccedil;os de Telecomunica&ccedil;&otilde;es (Fust) para o financiamento da inclus&atilde;o digital nas escolas p&uacute;blicas e privadas do pa&iacute;s. O projeto 00103\/2007, de 13\/03\/2007, determina que sejam efetuadas altera&ccedil;&otilde;es nas leis n&ordm; 9.394, &hellip; <a href=\"https:\/\/obscom.intervozes.org.br\/?p=18579\" class=\"more-link\">Continue lendo <span class=\"screen-reader-text\">Fundo de universaliza\u00e7\u00e3o das teles financiar\u00e1 inclus\u00e3o digital<\/span> <span class=\"meta-nav\">&rarr;<\/span><\/a><\/p>\n","protected":false},"author":1,"featured_media":0,"comment_status":"open","ping_status":"open","sticky":false,"template":"","format":"standard","meta":{"footnotes":""},"categories":[40],"tags":[150],"_links":{"self":[{"href":"https:\/\/obscom.intervozes.org.br\/index.php?rest_route=\/wp\/v2\/posts\/18579"}],"collection":[{"href":"https:\/\/obscom.intervozes.org.br\/index.php?rest_route=\/wp\/v2\/posts"}],"about":[{"href":"https:\/\/obscom.intervozes.org.br\/index.php?rest_route=\/wp\/v2\/types\/post"}],"author":[{"embeddable":true,"href":"https:\/\/obscom.intervozes.org.br\/index.php?rest_route=\/wp\/v2\/users\/1"}],"replies":[{"embeddable":true,"href":"https:\/\/obscom.intervozes.org.br\/index.php?rest_route=%2Fwp%2Fv2%2Fcomments&post=18579"}],"version-history":[{"count":0,"href":"https:\/\/obscom.intervozes.org.br\/index.php?rest_route=\/wp\/v2\/posts\/18579\/revisions"}],"wp:attachment":[{"href":"https:\/\/obscom.intervozes.org.br\/index.php?rest_route=%2Fwp%2Fv2%2Fmedia&parent=18579"}],"wp:term":[{"taxonomy":"category","embeddable":true,"href":"https:\/\/obscom.intervozes.org.br\/index.php?rest_route=%2Fwp%2Fv2%2Fcategories&post=18579"},{"taxonomy":"post_tag","embeddable":true,"href":"https:\/\/obscom.intervozes.org.br\/index.php?rest_route=%2Fwp%2Fv2%2Ftags&post=18579"}],"curies":[{"name":"wp","href":"https:\/\/api.w.org\/{rel}","templated":true}]}}