{"id":18578,"date":"2007-06-26T12:55:52","date_gmt":"2007-06-26T12:55:52","guid":{"rendered":"https:\/\/obscom.intervozes.org.br\/wordpress\/?p=18578"},"modified":"2007-06-26T12:55:52","modified_gmt":"2007-06-26T12:55:52","slug":"net-se-compromete-com-o-mpf-a-incluir-canais-publicos-na-programacao-digital","status":"publish","type":"post","link":"https:\/\/obscom.intervozes.org.br\/?p=18578","title":{"rendered":"NET se compromete com o MPF a incluir canais p\u00fablicos na programa\u00e7\u00e3o digital"},"content":{"rendered":"<p>Ap&oacute;s um per&iacute;odo de formula&ccedil;&atilde;o e negocia&ccedil;&otilde;es entre NET, entidades representativas dos canais comunit&aacute;rios, educativos, legislativos, universit&aacute;rios e o Minist&eacute;rio P&uacute;blico Federal,&nbsp;&eacute; acordado um cronograma para a inclus&atilde;o dos canais retirados da programa&ccedil;&atilde;o oferecida pela NET desde que esta fez a migra&ccedil;&atilde;o para o sistema digital, h&aacute; um ano.<\/p>\n<p>No Rio de Janeiro, a o prazo vai at&eacute; 31 de outubro. Em S&atilde;o Paulo, at&eacute; 31 de dezembro de 2007. Em Porto Alegre, o servi&ccedil;o j&aacute; foi regularizado e em Bras&iacute;lia, Campinas e em todos os outros munic&iacute;pios onde a empresa opera redes com capacidade de 750 Mhz ou superiores, os canais b&aacute;sicos estar&atilde;o inclu&iacute;dos no pacote digital desde o in&iacute;cio da opera&ccedil;&atilde;o. <\/p>\n<p>O TAC disp&otilde;e, entretanto, que para todos os demais munic&iacute;pios (com redes inferiores a 750 Mhz), a inclus&atilde;o no sistema digital dos canais b&aacute;sicos de utiliza&ccedil;&atilde;o gratuita ser&aacute; realizada no m&aacute;ximo em 10 meses do in&iacute;cio da oferta dos pacotes digitais. A concess&atilde;o desse prazo consolida o enquadramento da atitude da NET como uma a&ccedil;&atilde;o que vai contra a Lei n&ordm; 8.977\/95, conhecida como Lei do Cabo, onde est&aacute; expressa a obrigatoriedade de transmiss&atilde;o dos canais b&aacute;sicos de utiliza&ccedil;&atilde;o gratuita.<\/p>\n<p>&ldquo;Compreendemos que essa medida tomada pela NET &eacute; ilegal, e prejudicou n&atilde;o apenas as TVs p&uacute;blicas como os telespectadores&rdquo;, afirmou S&eacute;rgio Suiama, procurador do MPF, respons&aacute;vel pela representa&ccedil;&atilde;o. Considerando que uma a&ccedil;&atilde;o judicial pode demorar mais de dez anos para surtir algum resultado, &quot;ou nem surtir um resultado&quot;, Suiama avalia esta uma decis&atilde;o vitoriosa para o contexto. <\/p>\n<p><strong>Avalia&ccedil;&otilde;es<\/strong><\/p>\n<p>Suiama considera que h&aacute; v&aacute;rios pontos positivos, como o estabelecimento de prazos para a reposi&ccedil;&atilde;o dos canais obrigat&oacute;rios no servi&ccedil;o da TV a cabo digital, o alinhamento dos canais p&uacute;blicos e abertos num mesmo bloco dentro do <em>lineup<\/em> e a informa&ccedil;&atilde;o passada aos usu&aacute;rios de como proceder enquanto os canais n&atilde;o est&atilde;o dispon&iacute;veis no sistema digital. <\/p>\n<p>Foi decidido tamb&eacute;m que a NET far&aacute; uma a&ccedil;&atilde;o de compensa&ccedil;&atilde;o social, instalando pontos de internet banda larga em escolas municipais localizadas em regi&otilde;es onde a NET disp&otilde;e de cabeamento.<\/p>\n<p>O resultado da representa&ccedil;&atilde;o &eacute; positivo na avalia&ccedil;&atilde;o do jornalista Celso Schr&ouml;der, coordenador-geral do FNDC. &ldquo;O TAC firmado representa duas a&ccedil;&otilde;es. Numa delas, ele relativiza a legisla&ccedil;&atilde;o segundo a qual &eacute; obriga&ccedil;&atilde;o da NET disponibilizar os canais p&uacute;blicos. Por&eacute;m, &eacute; desfavor&aacute;vel a cl&aacute;usula que estabelece um prazo m&aacute;ximo de dez meses para o transporte desse conte&uacute;do na localidades onde as redes tem capacidade inferior a 750Mh&rdquo;, afirma o jornalista. <\/p>\n<p>&Agrave; exce&ccedil;&atilde;o disto, o Termo reintroduz o princ&iacute;pio Lei de universaliza&ccedil;&atilde;o dos servi&ccedil;os, pela compensa&ccedil;&atilde;o social prevista, de instalar banda larga nas escolas municipais nas cidades onde houver cabeamento para este fim. &ldquo;A medida favorece a universaliza&ccedil;&atilde;o e &eacute; interessante&rdquo;, analisa, lembrando que o princ&iacute;pio da universaliza&ccedil;&atilde;o est&aacute; no &acirc;mago da Lei do Cabo. <\/p>\n<p>Para o jornalista Diogo Moys&eacute;s, do Coletivo Intervozes, &eacute; compreens&iacute;vel a posi&ccedil;&atilde;o das associa&ccedil;&otilde;es de buscar um acordo, pois sem uma decis&atilde;o judicial favor&aacute;vel, os canais ficariam completamente desprotegidos. &ldquo;Por outro lado, o acordo consolida o que podemos chamar de morat&oacute;ria legal, porque, conforme os termos assinados, a NET deixa explic&iacute;to que n&atilde;o entende como obrigat&oacute;ria a necessidade de carregar os canais p&uacute;blicos de forma ison&ocirc;mica no pacote digital&rdquo;. Diogo considera que, apesar de os prazos para inclus&atilde;o dos canais n&atilde;o serem t&atilde;o extensos, o fato de eles n&atilde;o estarem dispon&iacute;veis no sistema digital &eacute; um preju&iacute;zo dif&iacute;cil de avaliar. &ldquo;A audi&ecirc;ncia pode ter se acostumado a n&atilde;o assistir esses canais, e isso pode ser um processo irrevers&iacute;vel&rdquo;. <\/p>\n<p>Al&eacute;m dos procuradores da Rep&uacute;blica, Sergio Suiama e Fernando Martins, assinaram o acordo os presidentes de tr&ecirc;s associa&ccedil;&otilde;es: Gabriel Priolli, da Associa&ccedil;&atilde;o Brasileira de Televis&atilde;o Universit&aacute;ria (ABTU), Fernando Trezza, da Associa&ccedil;&atilde;o Brasileira de Canais Comunit&aacute;rios (Abccom) e Di&oacute;genes Dantas, da Associa&ccedil;&atilde;o Brasileira de Televis&otilde;es e R&aacute;dios Legislativas (Astral). Pela NET, responsabilizaram-se o diretor de programa&ccedil;&atilde;o, Fernando de Magalh&atilde;es, e o advogado da programadora, Antonio Salles Baptista. <\/p>\n<p><img loading=\"lazy\" decoding=\"async\" src=\"images\/stories\/politica_publicacoes\/c_invertido_pq.png\" alt=\"Active Image\" width=\"15\" height=\"15\" \/><\/p>\n","protected":false},"excerpt":{"rendered":"<p>Ap&oacute;s um per&iacute;odo de formula&ccedil;&atilde;o e negocia&ccedil;&otilde;es entre NET, entidades representativas dos canais comunit&aacute;rios, educativos, legislativos, universit&aacute;rios e o Minist&eacute;rio P&uacute;blico Federal,&nbsp;&eacute; acordado um cronograma para a inclus&atilde;o dos canais retirados da programa&ccedil;&atilde;o oferecida pela NET desde que esta fez a migra&ccedil;&atilde;o para o sistema digital, h&aacute; um ano. No Rio de Janeiro, a o &hellip; <a href=\"https:\/\/obscom.intervozes.org.br\/?p=18578\" class=\"more-link\">Continue lendo <span class=\"screen-reader-text\">NET se compromete com o MPF a incluir canais p\u00fablicos na programa\u00e7\u00e3o digital<\/span> <span class=\"meta-nav\">&rarr;<\/span><\/a><\/p>\n","protected":false},"author":1,"featured_media":0,"comment_status":"open","ping_status":"open","sticky":false,"template":"","format":"standard","meta":{"footnotes":""},"categories":[40],"tags":[104],"_links":{"self":[{"href":"https:\/\/obscom.intervozes.org.br\/index.php?rest_route=\/wp\/v2\/posts\/18578"}],"collection":[{"href":"https:\/\/obscom.intervozes.org.br\/index.php?rest_route=\/wp\/v2\/posts"}],"about":[{"href":"https:\/\/obscom.intervozes.org.br\/index.php?rest_route=\/wp\/v2\/types\/post"}],"author":[{"embeddable":true,"href":"https:\/\/obscom.intervozes.org.br\/index.php?rest_route=\/wp\/v2\/users\/1"}],"replies":[{"embeddable":true,"href":"https:\/\/obscom.intervozes.org.br\/index.php?rest_route=%2Fwp%2Fv2%2Fcomments&post=18578"}],"version-history":[{"count":0,"href":"https:\/\/obscom.intervozes.org.br\/index.php?rest_route=\/wp\/v2\/posts\/18578\/revisions"}],"wp:attachment":[{"href":"https:\/\/obscom.intervozes.org.br\/index.php?rest_route=%2Fwp%2Fv2%2Fmedia&parent=18578"}],"wp:term":[{"taxonomy":"category","embeddable":true,"href":"https:\/\/obscom.intervozes.org.br\/index.php?rest_route=%2Fwp%2Fv2%2Fcategories&post=18578"},{"taxonomy":"post_tag","embeddable":true,"href":"https:\/\/obscom.intervozes.org.br\/index.php?rest_route=%2Fwp%2Fv2%2Ftags&post=18578"}],"curies":[{"name":"wp","href":"https:\/\/api.w.org\/{rel}","templated":true}]}}