{"id":18575,"date":"2007-06-25T16:23:53","date_gmt":"2007-06-25T16:23:53","guid":{"rendered":"https:\/\/obscom.intervozes.org.br\/wordpress\/?p=18575"},"modified":"2007-06-25T16:23:53","modified_gmt":"2007-06-25T16:23:53","slug":"povos-indigenas-decidem-lutar-por-nova-lei-de-radiodifusao","status":"publish","type":"post","link":"https:\/\/obscom.intervozes.org.br\/?p=18575","title":{"rendered":"Povos ind\u00edgenas decidem lutar por nova lei de radiodifus\u00e3o"},"content":{"rendered":"<p><span>Representantes de povos e entidades ind&iacute;genas, reunidos na Oficina de &Aacute;udio para os Povos Ind&iacute;genas, decidiram lutar por uma nova lei de radiodifus&atilde;o comunit&aacute;ria que respeite suas caracter&iacute;sticas. O evento foi realizado entre os dias 3 e 6 de junho, na aldeia Caramuru do povo Patax&oacute; H&atilde;-H&atilde;-H&atilde;e, no sul da Bahia. Segundo o documento final do encontro, a intera&ccedil;&atilde;o da comunidade com os diversos meios de comunica&ccedil;&atilde;o se torna cada vez mais importante para o fortalecimento da luta pela terra, educa&ccedil;&atilde;o, sa&uacute;de e lazer. &quot;Sentimos a necessidade de nos qualificar e conhecer melhor estes diversos meios para utiliz&aacute;-los da maneira que traga benef&iacute;cios para os nossos povos&quot;, acrescenta o documento. <\/p>\n<p><\/span><span>Entre os diferentes assuntos abordados na oficina, estava a Lei 9612\/98, que trata da radiodifus&atilde;o comunit&aacute;ria no Brasil. De acordo com o documento, &quot;esta Lei &eacute; prejudicial &agrave;s comunidades ind&iacute;genas, pois n&atilde;o respeita os nossos direitos constitucionais, n&atilde;o leva em conta as nossas formas tradicionais de organiza&ccedil;&atilde;o, nos impondo uma integra&ccedil;&atilde;o for&ccedil;ada na Sociedade Nacional&quot;.<\/p>\n<p><\/span><span>&quot;Toda sua concep&ccedil;&atilde;o visa atender a popula&ccedil;&otilde;es urbanas e n&atilde;o leva em conta as comunidades tradicionais. O seu processo de legaliza&ccedil;&atilde;o &eacute; altamente burocr&aacute;tico e n&atilde;o contempla os interesses das comunidades ind&iacute;genas&quot;, afirma o documento. Os povos e as entidades pretendem reivindicar a cria&ccedil;&atilde;o de uma lei espec&iacute;fica de radiodifus&atilde;o que respeite seus direitos constitucionais, conferindo maior import&acirc;ncia a suas organiza&ccedil;&otilde;es sociais e necessidades. Al&eacute;m disso, querem a imediata aprova&ccedil;&atilde;o do Estatuto dos Povos Ind&iacute;genas proposto pelas comunidades ind&iacute;genas.<\/p>\n<p><\/span><span>Para fortalecer a luta, est&aacute; previsto uma articula&ccedil;&atilde;o com outras comunidades tradicionais e movimentos (Quilombolas, MST, MAB) para garantir sistemas de comunica&ccedil;&atilde;o vi&aacute;veis e que respeitem as especificidades das comunidades. O encontro tamb&eacute;m serviu para a defini&ccedil;&atilde;o de uma agenda. Est&aacute; previsto um semin&aacute;rio sobre comunica&ccedil;&atilde;o em &aacute;reas ind&iacute;genas a ser realizado na &aacute;rea de atua&ccedil;&atilde;o da APOINME, no qual se possa discutir e viabilizar diversas formas para garantir uma comunica&ccedil;&atilde;o que atenda as demandas dos povos ind&iacute;genas. Eles tamb&eacute;m pretendem se reunir com representantes do Governo Federal (Minist&eacute;rio das Comunica&ccedil;&otilde;es, Funasa, Minist&eacute;rio da Cultura), APOINME, COAIB, Rede &Iacute;ndios on-line, Cimi, para discutir e apresentar as reivindica&ccedil;&otilde;es dos Povos Ind&iacute;genas em rela&ccedil;&atilde;o ao sistema de comunica&ccedil;&atilde;o.<\/span> <\/p>\n<p style=\"margin: 0cm 0cm 0pt; text-align: justify\" class=\"MsoNormal\"><span><br \/>O movimento dos povos ind&iacute;genas se mostra solid&aacute;rio com a quest&atilde;o das r&aacute;dios comunit&aacute;rias. &quot;Acreditamos que para avan&ccedil;ar nesta luta e enfrentarmos estes novos desafios apresentados &agrave;s nossas comunidades &eacute; preciso unir for&ccedil;as n&atilde;o s&oacute; entre n&oacute;s povos ind&iacute;genas, mas com outros oprimidos pela m&iacute;dia dominante. Nos solidarizamos com o movimento de r&aacute;dios comunit&aacute;rias na necessidade de uma completa revis&atilde;o da legisla&ccedil;&atilde;o sobre comunica&ccedil;&atilde;o comunit&aacute;ria, que hoje dificulta a exist&ecirc;ncia de ve&iacute;culos comunit&aacute;rios no Pa&iacute;s&quot;, finaliza o documento. <\/p>\n<p><\/span><span>Os povos ind&iacute;genas que estiveram presentes no evento foram: Truk&aacute;, Pankararu e Xukuru de Ororub&aacute; (Pernambuco) Potiguara (Para&iacute;ba), Patax&oacute; H&atilde;-H&atilde;-H&atilde;e e Patax&oacute; (Bahia), al&eacute;m das entidades Articula&ccedil;&atilde;o dos Povos Ind&iacute;genas do Nordeste, Minas Gerais e Esp&iacute;rito Santo (Apoinme), Conselho Indigenista Mission&aacute;rio (Cimi), R&aacute;dio Netherlands.<\/p>\n<p><img loading=\"lazy\" decoding=\"async\" src=\"images\/stories\/politica_publicacoes\/c_invertido_pq.png\" alt=\"Active Image\" width=\"15\" height=\"15\" \/>&nbsp;<a href=\"http:\/\/www.adital.com.br\/\">www.adital.com.br<\/a><br \/><\/span><\/p>\n","protected":false},"excerpt":{"rendered":"<p>Representantes de povos e entidades ind\u00edgenas, reunidos na Oficina de \u00c1udio para os Povos Ind\u00edgenas, decidiram lutar por uma nova lei de radiodifus\u00e3o comunit\u00e1ria que respeite suas caracter\u00edsticas. <\/p>\n","protected":false},"author":1,"featured_media":0,"comment_status":"open","ping_status":"open","sticky":false,"template":"","format":"standard","meta":{"footnotes":""},"categories":[40],"tags":[211],"_links":{"self":[{"href":"https:\/\/obscom.intervozes.org.br\/index.php?rest_route=\/wp\/v2\/posts\/18575"}],"collection":[{"href":"https:\/\/obscom.intervozes.org.br\/index.php?rest_route=\/wp\/v2\/posts"}],"about":[{"href":"https:\/\/obscom.intervozes.org.br\/index.php?rest_route=\/wp\/v2\/types\/post"}],"author":[{"embeddable":true,"href":"https:\/\/obscom.intervozes.org.br\/index.php?rest_route=\/wp\/v2\/users\/1"}],"replies":[{"embeddable":true,"href":"https:\/\/obscom.intervozes.org.br\/index.php?rest_route=%2Fwp%2Fv2%2Fcomments&post=18575"}],"version-history":[{"count":0,"href":"https:\/\/obscom.intervozes.org.br\/index.php?rest_route=\/wp\/v2\/posts\/18575\/revisions"}],"wp:attachment":[{"href":"https:\/\/obscom.intervozes.org.br\/index.php?rest_route=%2Fwp%2Fv2%2Fmedia&parent=18575"}],"wp:term":[{"taxonomy":"category","embeddable":true,"href":"https:\/\/obscom.intervozes.org.br\/index.php?rest_route=%2Fwp%2Fv2%2Fcategories&post=18575"},{"taxonomy":"post_tag","embeddable":true,"href":"https:\/\/obscom.intervozes.org.br\/index.php?rest_route=%2Fwp%2Fv2%2Ftags&post=18575"}],"curies":[{"name":"wp","href":"https:\/\/api.w.org\/{rel}","templated":true}]}}