{"id":18572,"date":"2007-06-25T15:48:59","date_gmt":"2007-06-25T15:48:59","guid":{"rendered":"https:\/\/obscom.intervozes.org.br\/wordpress\/?p=18572"},"modified":"2007-06-25T15:48:59","modified_gmt":"2007-06-25T15:48:59","slug":"deputados-entregam-ao-minicom-relatorio-sobre-outorgas","status":"publish","type":"post","link":"https:\/\/obscom.intervozes.org.br\/?p=18572","title":{"rendered":"Deputados entregam ao MiniCom relat\u00f3rio sobre outorgas"},"content":{"rendered":"<p>Os deputados J&uacute;lio Semeghini (PSDB-SP), Luiza Erundina (PSB-SP) e Maria do Carmo Lara (PT-MG) entregam ao ministro das Comunica&ccedil;&otilde;es, H&eacute;lio Costa, nesta ter&ccedil;a-feira, 26, o relat&oacute;rio elaborado pela subcomiss&atilde;o especial que estudou mudan&ccedil;as na renova&ccedil;&atilde;o e outorga das concess&otilde;es de r&aacute;dio e TV. A subcomiss&atilde;o faz parte da Comiss&atilde;o de Ci&ecirc;ncia e Tecnologia, presidida por Semeghini.<\/p>\n<p>O relat&oacute;rio cont&eacute;m sugest&otilde;es para que o minist&eacute;rio adote medidas com o objetivo de agilizar e dar maior transpar&ecirc;ncia aos processos de concess&atilde;o de radiodifus&atilde;o. Prev&ecirc; tamb&eacute;m a realiza&ccedil;&atilde;o de a&ccedil;&otilde;es de fiscaliza&ccedil;&atilde;o, com o aux&iacute;lio do TCU (Tribunal de Contas da Uni&atilde;o), sobre os procedimentos adotados pelo Poder Executivo no exame dos processos. C&oacute;pias do relat&oacute;rio ser&atilde;o entregues &agrave; Casa Civil e &agrave; Anatel.<\/p>\n<p>O principal resultado do relat&oacute;rio foi a ado&ccedil;&atilde;o, pela Comiss&atilde;o de Ci&ecirc;ncia e Tecnologia, de novos procedimentos que dar&atilde;o mais celeridade &agrave; an&aacute;lise e vota&ccedil;&atilde;o das concess&otilde;es pelos deputados. O ato normativo da comiss&atilde;o com as novas regras entrar&aacute; em vigor a <br \/>partir de 1&ordm; de julho.<\/p>\n<p>Entre as mudan&ccedil;as, fica eliminada a possibilidade de devolu&ccedil;&atilde;o do processo ao Minist&eacute;rio das Comunica&ccedil;&otilde;es para solu&ccedil;&atilde;o de eventuais pend&ecirc;ncias. E, se no prazo de 90 dias as pend&ecirc;ncias detectadas na C&acirc;mara n&atilde;o forem resolvidas pelas emissoras, o processo ser&aacute; distribu&iacute;do para relatoria com recomenda&ccedil;&atilde;o pela rejei&ccedil;&atilde;o.<\/p>\n<p>A comiss&atilde;o criar&aacute;, no site da C&acirc;mara dos Deputados, um sistema de consulta sobre a propriedade das r&aacute;dios e TVs no pa&iacute;s. A expectativa &eacute; de que o sistema comece a ser alimentado no segundo semestre deste ano.<\/p>\n<p>O problema &eacute; que essas regras nortear&atilde;o apenas a an&aacute;lise dos processos pela Comiss&atilde;o de Ci&ecirc;ncia e Tecnologia. No Senado, por exemplo, onde a renova&ccedil;&atilde;o das licen&ccedil;as e novas concess&otilde;es tamb&eacute;m s&atilde;o analisadas, os procedimentos n&atilde;o mudaram e a burocracia e a demora devem continuar. <\/p>\n<p><font size=\"3\"><img loading=\"lazy\" decoding=\"async\" src=\"images\/stories\/politica_publicacoes\/c_normal_pq.png\" alt=\"Active Image\" width=\"15\" height=\"15\" \/>&nbsp;<\/font>publica&ccedil;&atilde;o autorizada.<\/p>\n","protected":false},"excerpt":{"rendered":"<p>Os deputados J\u00falio Semeghini (PSDB-SP), Luiza Erundina (PSB-SP) e Maria do Carmo Lara (PT-MG) entregam ao ministro das Comunica\u00e7\u00f5es, H\u00e9lio Costa, nesta ter\u00e7a-feira, 26, o relat\u00f3rio elaborado pela subcomiss\u00e3o especial que estudou mudan\u00e7as na renova\u00e7\u00e3o e outorga.<\/p>\n","protected":false},"author":1,"featured_media":0,"comment_status":"open","ping_status":"open","sticky":false,"template":"","format":"standard","meta":{"footnotes":""},"categories":[40],"tags":[293],"_links":{"self":[{"href":"https:\/\/obscom.intervozes.org.br\/index.php?rest_route=\/wp\/v2\/posts\/18572"}],"collection":[{"href":"https:\/\/obscom.intervozes.org.br\/index.php?rest_route=\/wp\/v2\/posts"}],"about":[{"href":"https:\/\/obscom.intervozes.org.br\/index.php?rest_route=\/wp\/v2\/types\/post"}],"author":[{"embeddable":true,"href":"https:\/\/obscom.intervozes.org.br\/index.php?rest_route=\/wp\/v2\/users\/1"}],"replies":[{"embeddable":true,"href":"https:\/\/obscom.intervozes.org.br\/index.php?rest_route=%2Fwp%2Fv2%2Fcomments&post=18572"}],"version-history":[{"count":0,"href":"https:\/\/obscom.intervozes.org.br\/index.php?rest_route=\/wp\/v2\/posts\/18572\/revisions"}],"wp:attachment":[{"href":"https:\/\/obscom.intervozes.org.br\/index.php?rest_route=%2Fwp%2Fv2%2Fmedia&parent=18572"}],"wp:term":[{"taxonomy":"category","embeddable":true,"href":"https:\/\/obscom.intervozes.org.br\/index.php?rest_route=%2Fwp%2Fv2%2Fcategories&post=18572"},{"taxonomy":"post_tag","embeddable":true,"href":"https:\/\/obscom.intervozes.org.br\/index.php?rest_route=%2Fwp%2Fv2%2Ftags&post=18572"}],"curies":[{"name":"wp","href":"https:\/\/api.w.org\/{rel}","templated":true}]}}