{"id":18571,"date":"2007-06-25T14:44:25","date_gmt":"2007-06-25T14:44:25","guid":{"rendered":"https:\/\/obscom.intervozes.org.br\/wordpress\/?p=18571"},"modified":"2007-06-25T14:44:25","modified_gmt":"2007-06-25T14:44:25","slug":"roda-viva-de-hoje-e-sobre-classificacao-indicativa","status":"publish","type":"post","link":"https:\/\/obscom.intervozes.org.br\/?p=18571","title":{"rendered":"Roda Viva de hoje \u00e9 sobre Classifica\u00e7\u00e3o Indicativa"},"content":{"rendered":"<p>Nesta segunda-feira, o programa Roda Viva da TV Cultura apresenta um debate sobre as novas regras da Classifica&ccedil;&atilde;o Indicativa apresentada pelo Governo. A proposta torna a classifica&ccedil;&atilde;o mais r&iacute;gida aos reajustar os seus termos e apresenta crit&eacute;rios mais objetivos na avalia&ccedil;&atilde;o dos conte&uacute;dos.<\/p>\n<p>O&nbsp;programa ter&aacute; formato de debate e&nbsp;contar&aacute; com as participa&ccedil;&otilde;es de Jos&eacute; Gregori, ex-ministro da Justi&ccedil;a e presidente da Comiss&atilde;o Municipal de Direitos Humanos; Guilherme Canela, cientista pol&iacute;tico e coordenador de rela&ccedil;&otilde;es acad&ecirc;micas da Andi &#8211; Ag&ecirc;ncia de not&iacute;cias da Inf&acirc;ncia; Jos&eacute; Eduardo Rom&atilde;o, advogado, diretor do Dejus &#8211; Departamento de Justi&ccedil;a, Classifica&ccedil;&atilde;o, T&iacute;tulos e Qualifica&ccedil;&atilde;o do Minist&eacute;rio da Justi&ccedil;a; Dem&eacute;trio Magnoli, ge&oacute;grafo, especialista em rela&ccedil;&otilde;es internacionais e editor do jornal &quot;Mundo, Geografia e Pol&iacute;tica Internacional&quot;; Walter Ceneviva, advogado, consultor jur&iacute;dico da Abra &#8211; Associa&ccedil;&atilde;o Brasileira de Radiodifusores; Antonio Claudio Ferreira Netto &#8211; advogado e consultor da Abert; Jos&eacute; Roberto Whitaker Penteado, jornalista, diretor do Instituto Cultural da ESPM. <\/p>\n","protected":false},"excerpt":{"rendered":"<p>Nesta segunda-feira, o programa Roda Viva da TV Cultura apresenta um debate sobre as novas regras da Classifica&ccedil;&atilde;o Indicativa apresentada pelo Governo. A proposta torna a classifica&ccedil;&atilde;o mais r&iacute;gida aos reajustar os seus termos e apresenta crit&eacute;rios mais objetivos na avalia&ccedil;&atilde;o dos conte&uacute;dos. O&nbsp;programa ter&aacute; formato de debate e&nbsp;contar&aacute; com as participa&ccedil;&otilde;es de Jos&eacute; Gregori, &hellip; <a href=\"https:\/\/obscom.intervozes.org.br\/?p=18571\" class=\"more-link\">Continue lendo <span class=\"screen-reader-text\">Roda Viva de hoje \u00e9 sobre Classifica\u00e7\u00e3o Indicativa<\/span> <span class=\"meta-nav\">&rarr;<\/span><\/a><\/p>\n","protected":false},"author":1,"featured_media":0,"comment_status":"open","ping_status":"open","sticky":false,"template":"","format":"standard","meta":{"footnotes":""},"categories":[39],"tags":[],"_links":{"self":[{"href":"https:\/\/obscom.intervozes.org.br\/index.php?rest_route=\/wp\/v2\/posts\/18571"}],"collection":[{"href":"https:\/\/obscom.intervozes.org.br\/index.php?rest_route=\/wp\/v2\/posts"}],"about":[{"href":"https:\/\/obscom.intervozes.org.br\/index.php?rest_route=\/wp\/v2\/types\/post"}],"author":[{"embeddable":true,"href":"https:\/\/obscom.intervozes.org.br\/index.php?rest_route=\/wp\/v2\/users\/1"}],"replies":[{"embeddable":true,"href":"https:\/\/obscom.intervozes.org.br\/index.php?rest_route=%2Fwp%2Fv2%2Fcomments&post=18571"}],"version-history":[{"count":0,"href":"https:\/\/obscom.intervozes.org.br\/index.php?rest_route=\/wp\/v2\/posts\/18571\/revisions"}],"wp:attachment":[{"href":"https:\/\/obscom.intervozes.org.br\/index.php?rest_route=%2Fwp%2Fv2%2Fmedia&parent=18571"}],"wp:term":[{"taxonomy":"category","embeddable":true,"href":"https:\/\/obscom.intervozes.org.br\/index.php?rest_route=%2Fwp%2Fv2%2Fcategories&post=18571"},{"taxonomy":"post_tag","embeddable":true,"href":"https:\/\/obscom.intervozes.org.br\/index.php?rest_route=%2Fwp%2Fv2%2Ftags&post=18571"}],"curies":[{"name":"wp","href":"https:\/\/api.w.org\/{rel}","templated":true}]}}