{"id":18568,"date":"2007-06-25T13:10:43","date_gmt":"2007-06-25T13:10:43","guid":{"rendered":"https:\/\/obscom.intervozes.org.br\/wordpress\/?p=18568"},"modified":"2007-06-25T13:10:43","modified_gmt":"2007-06-25T13:10:43","slug":"governo-federal-lanca-edital-para-producao-de-conteudo-digital","status":"publish","type":"post","link":"https:\/\/obscom.intervozes.org.br\/?p=18568","title":{"rendered":"Governo Federal lan\u00e7a edital para produ\u00e7\u00e3o de conte\u00fado digital"},"content":{"rendered":"<p>Os minist&eacute;rios da Ci&ecirc;ncia e Tecnologia (MCT) e Educa&ccedil;&atilde;o (MEC) lan&ccedil;aram na &uacute;ltima&nbsp;quarta-feira (20) um edital de apoio &agrave; produ&ccedil;&atilde;o de material did&aacute;tico digital. O programa contar&aacute; com o aporte de R$ 75 milh&otilde;es e vai estimular a produ&ccedil;&atilde;o de materiais para diversas plataformas. O objetivo principal da iniciativa &eacute; tornar dispon&iacute;veis conte&uacute;dos, metodologias, materiais e pr&aacute;ticas pedag&oacute;gicas inovadoras no ensino de Qu&iacute;mica, F&iacute;sica, Biologia, Matem&aacute;tica e L&iacute;ngua Portuguesa, com &ecirc;nfase na criatividade, experimenta&ccedil;&atilde;o e interdisciplinaridade.<\/p>\n<p>Poder&atilde;o apresentar projetos universidades, faculdades, centros tecnol&oacute;gicos, centros e museus de ci&ecirc;ncias, institui&ccedil;&otilde;es de ensino superior ou institutos, OCIPs, ONGs, funda&ccedil;&otilde;es e centros de pesquisa e desenvolvimento sediados no Brasil, p&uacute;blicos ou privados, sem fins lucrativos.<\/p>\n<p>Mais informa&ccedil;&otilde;es podem ser obtidas pelo telefone (61) 2104-8975.<\/p>\n","protected":false},"excerpt":{"rendered":"<p>Os minist&eacute;rios da Ci&ecirc;ncia e Tecnologia (MCT) e Educa&ccedil;&atilde;o (MEC) lan&ccedil;aram na &uacute;ltima&nbsp;quarta-feira (20) um edital de apoio &agrave; produ&ccedil;&atilde;o de material did&aacute;tico digital. O programa contar&aacute; com o aporte de R$ 75 milh&otilde;es e vai estimular a produ&ccedil;&atilde;o de materiais para diversas plataformas. O objetivo principal da iniciativa &eacute; tornar dispon&iacute;veis conte&uacute;dos, metodologias, materiais &hellip; <a href=\"https:\/\/obscom.intervozes.org.br\/?p=18568\" class=\"more-link\">Continue lendo <span class=\"screen-reader-text\">Governo Federal lan\u00e7a edital para produ\u00e7\u00e3o de conte\u00fado digital<\/span> <span class=\"meta-nav\">&rarr;<\/span><\/a><\/p>\n","protected":false},"author":1,"featured_media":0,"comment_status":"open","ping_status":"open","sticky":false,"template":"","format":"standard","meta":{"footnotes":""},"categories":[39],"tags":[],"_links":{"self":[{"href":"https:\/\/obscom.intervozes.org.br\/index.php?rest_route=\/wp\/v2\/posts\/18568"}],"collection":[{"href":"https:\/\/obscom.intervozes.org.br\/index.php?rest_route=\/wp\/v2\/posts"}],"about":[{"href":"https:\/\/obscom.intervozes.org.br\/index.php?rest_route=\/wp\/v2\/types\/post"}],"author":[{"embeddable":true,"href":"https:\/\/obscom.intervozes.org.br\/index.php?rest_route=\/wp\/v2\/users\/1"}],"replies":[{"embeddable":true,"href":"https:\/\/obscom.intervozes.org.br\/index.php?rest_route=%2Fwp%2Fv2%2Fcomments&post=18568"}],"version-history":[{"count":0,"href":"https:\/\/obscom.intervozes.org.br\/index.php?rest_route=\/wp\/v2\/posts\/18568\/revisions"}],"wp:attachment":[{"href":"https:\/\/obscom.intervozes.org.br\/index.php?rest_route=%2Fwp%2Fv2%2Fmedia&parent=18568"}],"wp:term":[{"taxonomy":"category","embeddable":true,"href":"https:\/\/obscom.intervozes.org.br\/index.php?rest_route=%2Fwp%2Fv2%2Fcategories&post=18568"},{"taxonomy":"post_tag","embeddable":true,"href":"https:\/\/obscom.intervozes.org.br\/index.php?rest_route=%2Fwp%2Fv2%2Ftags&post=18568"}],"curies":[{"name":"wp","href":"https:\/\/api.w.org\/{rel}","templated":true}]}}