{"id":18566,"date":"2007-06-25T12:48:47","date_gmt":"2007-06-25T12:48:47","guid":{"rendered":"https:\/\/obscom.intervozes.org.br\/wordpress\/?p=18566"},"modified":"2007-06-25T12:48:47","modified_gmt":"2007-06-25T12:48:47","slug":"debates-sobre-tv-digital-e-rede-publica-movimentam-comissao-de-ciencia-e-tecnologia","status":"publish","type":"post","link":"https:\/\/obscom.intervozes.org.br\/?p=18566","title":{"rendered":"Debates sobre TV digital e rede p\u00fablica movimentam Comiss\u00e3o de Ci\u00eancia e Tecnologia"},"content":{"rendered":"<p><span>Duas audi&ecirc;ncias movimentam a semana da Comiss&atilde;o de Ci&ecirc;ncia e Tecnologia, Comunica&ccedil;&atilde;o e Inform&aacute;tica da C&acirc;mara dos Deputados.<\/p>\n<p><\/span><span>Na ter&ccedil;a (26), &agrave;s 14h30, a comiss&atilde;o vai debater o impacto da digitaliza&ccedil;&atilde;o da radiodifus&atilde;o nos procedimentos de outorga e renova&ccedil;&atilde;o de outorga de r&aacute;dio e televis&atilde;o. Os convidados s&atilde;o: <\/span><span>&nbsp;<\/p>\n<p><\/span><span>&#8211; Ara Apkar Minassian (Superintendente de Servi&ccedil;os de Comunica&ccedil;&atilde;o de Massa da Anatel)<br \/><\/span><span>&#8211; Zilda de Campos Abreu (Secret&aacute;ria de Servi&ccedil;os de Comunica&ccedil;&atilde;o Eletr&ocirc;nica do Minist&eacute;rio das Comunica&ccedil;&otilde;es)<br \/><\/span><span>&#8211; Fernando de Almeida Martins (Procurador do Minist&eacute;rio P&uacute;blico Federal de Minas Gerais)<br \/><\/span><span>&#8211; Celso &nbsp;Schoder (Coordenador-Geral do F&oacute;rum Nacional pela Democratiza&ccedil;&atilde;o da Comunica&ccedil;&atilde;o)<br \/><\/span><span>&#8211; Murilo C&eacute;sar Ramos (Coordenador do Laborat&oacute;rio de Pol&iacute;ticas de Comunica&ccedil;&atilde;o da Universidade de Bras&iacute;lia)<br \/><\/span><span>&#8211; Roberto Franco (Presidente do F&oacute;rum do Sistema Brasileiro de TV Digital Terrestre)<\/p>\n<p><\/span><span>Na quarta (27), &agrave;s 14h, a comiss&atilde;o recebe o Franklin Martins, ministro-chefe da Secretaria de Comunica&ccedil;&atilde;o Social da Presid&ecirc;ncia da Rep&uacute;blica, para discutir o projeto de cria&ccedil;&atilde;o da televis&atilde;o p&uacute;blica brasileira.<\/span><\/p>\n","protected":false},"excerpt":{"rendered":"<p>Duas audi&ecirc;ncias movimentam a semana da Comiss&atilde;o de Ci&ecirc;ncia e Tecnologia, Comunica&ccedil;&atilde;o e Inform&aacute;tica da C&acirc;mara dos Deputados. Na ter&ccedil;a (26), &agrave;s 14h30, a comiss&atilde;o vai debater o impacto da digitaliza&ccedil;&atilde;o da radiodifus&atilde;o nos procedimentos de outorga e renova&ccedil;&atilde;o de outorga de r&aacute;dio e televis&atilde;o. Os convidados s&atilde;o: &nbsp; &#8211; Ara Apkar Minassian (Superintendente de &hellip; <a href=\"https:\/\/obscom.intervozes.org.br\/?p=18566\" class=\"more-link\">Continue lendo <span class=\"screen-reader-text\">Debates sobre TV digital e rede p\u00fablica movimentam Comiss\u00e3o de Ci\u00eancia e Tecnologia<\/span> <span class=\"meta-nav\">&rarr;<\/span><\/a><\/p>\n","protected":false},"author":1,"featured_media":0,"comment_status":"open","ping_status":"open","sticky":false,"template":"","format":"standard","meta":{"footnotes":""},"categories":[39],"tags":[],"_links":{"self":[{"href":"https:\/\/obscom.intervozes.org.br\/index.php?rest_route=\/wp\/v2\/posts\/18566"}],"collection":[{"href":"https:\/\/obscom.intervozes.org.br\/index.php?rest_route=\/wp\/v2\/posts"}],"about":[{"href":"https:\/\/obscom.intervozes.org.br\/index.php?rest_route=\/wp\/v2\/types\/post"}],"author":[{"embeddable":true,"href":"https:\/\/obscom.intervozes.org.br\/index.php?rest_route=\/wp\/v2\/users\/1"}],"replies":[{"embeddable":true,"href":"https:\/\/obscom.intervozes.org.br\/index.php?rest_route=%2Fwp%2Fv2%2Fcomments&post=18566"}],"version-history":[{"count":0,"href":"https:\/\/obscom.intervozes.org.br\/index.php?rest_route=\/wp\/v2\/posts\/18566\/revisions"}],"wp:attachment":[{"href":"https:\/\/obscom.intervozes.org.br\/index.php?rest_route=%2Fwp%2Fv2%2Fmedia&parent=18566"}],"wp:term":[{"taxonomy":"category","embeddable":true,"href":"https:\/\/obscom.intervozes.org.br\/index.php?rest_route=%2Fwp%2Fv2%2Fcategories&post=18566"},{"taxonomy":"post_tag","embeddable":true,"href":"https:\/\/obscom.intervozes.org.br\/index.php?rest_route=%2Fwp%2Fv2%2Ftags&post=18566"}],"curies":[{"name":"wp","href":"https:\/\/api.w.org\/{rel}","templated":true}]}}