{"id":18564,"date":"2007-06-22T15:47:23","date_gmt":"2007-06-22T15:47:23","guid":{"rendered":"https:\/\/obscom.intervozes.org.br\/wordpress\/?p=18564"},"modified":"2007-06-22T15:47:23","modified_gmt":"2007-06-22T15:47:23","slug":"pps-ajuiza-acao-contra-portaria-da-classificacao-indicativa-de-programas-de-televisao","status":"publish","type":"post","link":"https:\/\/obscom.intervozes.org.br\/?p=18564","title":{"rendered":"PPS aju\u00edza a\u00e7\u00e3o contra portaria da classifica\u00e7\u00e3o indicativa de programas de televis\u00e3o"},"content":{"rendered":"<p>O Partido Popular Socialista (PPS) ajuizou nesta quarta-feira (20), no Supremo Tribunal Federal (STF), A&ccedil;&atilde;o Direta de Inconstitucionalidade (ADI 3907) contra a Portaria 264, de 9 de fevereiro de 2007, do Minist&eacute;rio da Justi&ccedil;a (MJ), que disp&otilde;e sobre o processo de classifica&ccedil;&atilde;o indicativa de obras audiovisuais destinadas &agrave; televis&atilde;o. Estiveram no STF o presidente do partido, ex-deputado Roberto Freire (PE), o deputado federal Fernando Coruja (SC) e o vereador pela cidade do Rio de Janeiro e ator Stepan Nercessian.<\/p>\n<p><strong>A a&ccedil;&atilde;o<\/strong><\/p>\n<p>Conforme a a&ccedil;&atilde;o, a Portaria do Minist&eacute;rio da Justi&ccedil;a afrontaria o inciso IX do artigo 5&ordm; da Constitui&ccedil;&atilde;o Federal, bem como o artigo 220 (caput e par&aacute;grafo 1&ordm;, inciso I), que pro&iacute;bem restri&ccedil;&otilde;es &agrave; liberdade de express&atilde;o. &rdquo;Sob o imponente e euf&ecirc;mico nome de classifica&ccedil;&atilde;o indicativa, o Minist&eacute;rio da Justi&ccedil;a busca ressuscitar, por meio de um ato normativo, a vetusta e famigerada censura, abolida pela ordem constitucional de 1988&rdquo;.<\/p>\n<p>A pretexto de regulamentar disposi&ccedil;&otilde;es da Lei 8.069\/90 (Estatuto da Crian&ccedil;a e do Adolescente), da Lei 10.359\/01 e do Decreto 5.834\/06, que tratam do processo de classifica&ccedil;&atilde;o indicativa de obras audivisuais, o Minist&eacute;rio da Justi&ccedil;a, por meio da Portaria 264, &ldquo;exorbita sua compet&ecirc;ncia e cria direito novo e inconstitucional&rdquo;, salienta o presidente do partido. Isto porque o pr&oacute;prio ECA se limitaria a prever a necessidade de classifica&ccedil;&atilde;o indicativa das obras de acordo com a faixa et&aacute;ria das crian&ccedil;as e adolescentes. &ldquo;N&atilde;o compete ao Estado Democr&aacute;tico de Direito brasileiro o papel de exercer atividade de monitoramento pr&eacute;vio de conte&uacute;do das obras audiovisuais, podendo, apenas, classific&aacute;-las de acordo com sua natureza e faixa et&aacute;ria &agrave; qual n&atilde;o s&atilde;o recomendadas&rdquo;, finaliza Roberto Freire na a&ccedil;&atilde;o.<\/p>\n<p>Por essa raz&atilde;o, a ADI pede liminarmente a suspens&atilde;o da Portaria 264, do MJ e, no m&eacute;rito, que a norma seja declarada inconstitucional.<\/p>\n<p><strong>Censura pr&eacute;via<\/strong><\/p>\n<p>Ao ajuizar pessoalmente a a&ccedil;&atilde;o no STF, Roberto Freire afirmou que seu partido n&atilde;o pode permitir a restaura&ccedil;&atilde;o da censura, que segundo ele &eacute; o que prop&otilde;e a norma questionada. Para ele, por meio desta portaria o governo estaria criando &ldquo;um sistema que n&atilde;o &eacute; apenas indicativo, ou classificat&oacute;rio, &eacute; uma censura pr&eacute;via, porque determina que toda e qualquer cria&ccedil;&atilde;o audiovisual no pa&iacute;s, previamente tem que ser submetida a esse departamento (DEJUS\/SNJ &#8211; Departamento de Justi&ccedil;a, Classifica&ccedil;&atilde;o, T&iacute;tulos e Qualifica&ccedil;&atilde;o, &oacute;rg&atilde;o da Secretaria Nacional de Justi&ccedil;a)&rdquo;.<\/p>\n<p>Essa atitude do governo &eacute; inconstitucional, prosseguiu o presidente do PPS, e &ldquo;confronta com preceitos constitucionais que garantem a liberdade de express&atilde;o, a liberdade de cria&ccedil;&atilde;o, que, enfim, garantem a liberdade de todos n&oacute;s &agrave; democracia&rdquo;.<\/p>\n<p>J&aacute; para Stepan Nercessian, a pr&oacute;pria sociedade vem fazendo um processo de sele&ccedil;&atilde;o baseado na qualidade da programa&ccedil;&atilde;o das emissoras, o que, segundo ele, &ldquo;tem feito os programas de baixo n&iacute;vel estarem em franca decad&ecirc;ncia, do ponto de vista inclusive do Ibope&rdquo;. Mas o que mais assusta o ator &eacute; que a portaria pode inibir o poder da cria&ccedil;&atilde;o inicial dos autores das obras. &ldquo;O autor vai se sentar em frente a uma folha em branco, para poder dar asas &agrave; sua imagina&ccedil;&atilde;o, e a partir daquele momento ele vai estar com um manual na cabe&ccedil;a&rdquo;. O Estado j&aacute; tem poderes para punir as televis&otilde;es que extrapolarem violentamente a isso, que pode ser advert&ecirc;ncia, suspens&atilde;o ou at&eacute; a cassa&ccedil;&atilde;o da concess&atilde;o do canal de televis&atilde;o, finalizou o ator e vereador do PPS.<\/p>\n","protected":false},"excerpt":{"rendered":"<p>O Partido Popular Socialista (PPS) ajuizou nesta quarta-feira (20), no Supremo Tribunal Federal (STF), A&ccedil;&atilde;o Direta de Inconstitucionalidade (ADI 3907) contra a Portaria 264, de 9 de fevereiro de 2007, do Minist&eacute;rio da Justi&ccedil;a (MJ), que disp&otilde;e sobre o processo de classifica&ccedil;&atilde;o indicativa de obras audiovisuais destinadas &agrave; televis&atilde;o. Estiveram no STF o presidente do &hellip; <a href=\"https:\/\/obscom.intervozes.org.br\/?p=18564\" class=\"more-link\">Continue lendo <span class=\"screen-reader-text\">PPS aju\u00edza a\u00e7\u00e3o contra portaria da classifica\u00e7\u00e3o indicativa de programas de televis\u00e3o<\/span> <span class=\"meta-nav\">&rarr;<\/span><\/a><\/p>\n","protected":false},"author":1,"featured_media":0,"comment_status":"open","ping_status":"open","sticky":false,"template":"","format":"standard","meta":{"footnotes":""},"categories":[40],"tags":[292],"_links":{"self":[{"href":"https:\/\/obscom.intervozes.org.br\/index.php?rest_route=\/wp\/v2\/posts\/18564"}],"collection":[{"href":"https:\/\/obscom.intervozes.org.br\/index.php?rest_route=\/wp\/v2\/posts"}],"about":[{"href":"https:\/\/obscom.intervozes.org.br\/index.php?rest_route=\/wp\/v2\/types\/post"}],"author":[{"embeddable":true,"href":"https:\/\/obscom.intervozes.org.br\/index.php?rest_route=\/wp\/v2\/users\/1"}],"replies":[{"embeddable":true,"href":"https:\/\/obscom.intervozes.org.br\/index.php?rest_route=%2Fwp%2Fv2%2Fcomments&post=18564"}],"version-history":[{"count":0,"href":"https:\/\/obscom.intervozes.org.br\/index.php?rest_route=\/wp\/v2\/posts\/18564\/revisions"}],"wp:attachment":[{"href":"https:\/\/obscom.intervozes.org.br\/index.php?rest_route=%2Fwp%2Fv2%2Fmedia&parent=18564"}],"wp:term":[{"taxonomy":"category","embeddable":true,"href":"https:\/\/obscom.intervozes.org.br\/index.php?rest_route=%2Fwp%2Fv2%2Fcategories&post=18564"},{"taxonomy":"post_tag","embeddable":true,"href":"https:\/\/obscom.intervozes.org.br\/index.php?rest_route=%2Fwp%2Fv2%2Ftags&post=18564"}],"curies":[{"name":"wp","href":"https:\/\/api.w.org\/{rel}","templated":true}]}}