{"id":18558,"date":"2007-06-22T12:38:06","date_gmt":"2007-06-22T12:38:06","guid":{"rendered":"https:\/\/obscom.intervozes.org.br\/wordpress\/?p=18558"},"modified":"2007-06-22T12:38:06","modified_gmt":"2007-06-22T12:38:06","slug":"2o-dia-do-encontro-e-reservado-aos-debates-sobre-a-conferencia-nacional-de-comunicacao","status":"publish","type":"post","link":"https:\/\/obscom.intervozes.org.br\/?p=18558","title":{"rendered":"2\u00ba dia do Encontro \u00e9 reservado aos debates sobre a Confer\u00eancia Nacional de Comunica\u00e7\u00e3o"},"content":{"rendered":"<p>O segundo dia de debates do Encontro Nacional de Comunica&ccedil;&atilde;o &#8211; Na luta por Democracia e Direitos Humanos, realizado ontem (21) e&nbsp;hoje (22) para discutir as quest&otilde;es ligadas ao tema, &eacute; reservado para o debate das propostas relativas &agrave; Confer&ecirc;ncia Nacional de Comunica&ccedil;&atilde;o. O Encontro acontece no audit&oacute;rio Nereu Ramos da C&acirc;mara dos Deputados e parte das atividades &eacute; transmitido ao vivo pela NBR.<\/p>\n<p>O primeiro dia do Encontro contou com aproximadamente 500 pessoas, superando a expectativa da organiza&ccedil;&atilde;o.<\/p>\n","protected":false},"excerpt":{"rendered":"<p>O segundo dia de debates do Encontro Nacional de Comunica&ccedil;&atilde;o &#8211; Na luta por Democracia e Direitos Humanos, realizado ontem (21) e&nbsp;hoje (22) para discutir as quest&otilde;es ligadas ao tema, &eacute; reservado para o debate das propostas relativas &agrave; Confer&ecirc;ncia Nacional de Comunica&ccedil;&atilde;o. O Encontro acontece no audit&oacute;rio Nereu Ramos da C&acirc;mara dos Deputados e &hellip; <a href=\"https:\/\/obscom.intervozes.org.br\/?p=18558\" class=\"more-link\">Continue lendo <span class=\"screen-reader-text\">2\u00ba dia do Encontro \u00e9 reservado aos debates sobre a Confer\u00eancia Nacional de Comunica\u00e7\u00e3o<\/span> <span class=\"meta-nav\">&rarr;<\/span><\/a><\/p>\n","protected":false},"author":1,"featured_media":0,"comment_status":"open","ping_status":"open","sticky":false,"template":"","format":"standard","meta":{"footnotes":""},"categories":[39],"tags":[],"_links":{"self":[{"href":"https:\/\/obscom.intervozes.org.br\/index.php?rest_route=\/wp\/v2\/posts\/18558"}],"collection":[{"href":"https:\/\/obscom.intervozes.org.br\/index.php?rest_route=\/wp\/v2\/posts"}],"about":[{"href":"https:\/\/obscom.intervozes.org.br\/index.php?rest_route=\/wp\/v2\/types\/post"}],"author":[{"embeddable":true,"href":"https:\/\/obscom.intervozes.org.br\/index.php?rest_route=\/wp\/v2\/users\/1"}],"replies":[{"embeddable":true,"href":"https:\/\/obscom.intervozes.org.br\/index.php?rest_route=%2Fwp%2Fv2%2Fcomments&post=18558"}],"version-history":[{"count":0,"href":"https:\/\/obscom.intervozes.org.br\/index.php?rest_route=\/wp\/v2\/posts\/18558\/revisions"}],"wp:attachment":[{"href":"https:\/\/obscom.intervozes.org.br\/index.php?rest_route=%2Fwp%2Fv2%2Fmedia&parent=18558"}],"wp:term":[{"taxonomy":"category","embeddable":true,"href":"https:\/\/obscom.intervozes.org.br\/index.php?rest_route=%2Fwp%2Fv2%2Fcategories&post=18558"},{"taxonomy":"post_tag","embeddable":true,"href":"https:\/\/obscom.intervozes.org.br\/index.php?rest_route=%2Fwp%2Fv2%2Ftags&post=18558"}],"curies":[{"name":"wp","href":"https:\/\/api.w.org\/{rel}","templated":true}]}}