{"id":18557,"date":"2007-06-22T12:31:25","date_gmt":"2007-06-22T12:31:25","guid":{"rendered":"https:\/\/obscom.intervozes.org.br\/wordpress\/?p=18557"},"modified":"2007-06-22T12:31:25","modified_gmt":"2007-06-22T12:31:25","slug":"congresso-do-mst-aponta-democratizacao-da-comunicacao-como-prioridade","status":"publish","type":"post","link":"https:\/\/obscom.intervozes.org.br\/?p=18557","title":{"rendered":"Congresso do MST aponta democratiza\u00e7\u00e3o da comunica\u00e7\u00e3o como prioridade"},"content":{"rendered":"<p><span>A carta final aprovada no V Congresso do Movimento dos Trabalhadores Rurais Sem Terra (MST) aponta como uma das prioridades do movimento para o pr&oacute;ximo per&iacute;odo a luta pela democratiza&ccedil;&atilde;o da comunica&ccedil;&atilde;o. Entre outras quest&otilde;es, diz a carta&nbsp;aprovada pelos quase 18 mil trabalhadores presentes em Bras&iacute;lia entre os dias 11 e 15 de junho que &eacute; compromisso do movimento:<\/p>\n<p><\/span><span>&#8211; L<em>utar para que cada assentamento ou comunidade do interior tenha seus pr&oacute;prios meios de comunica&ccedil;&atilde;o popular, como por exemplo, r&aacute;dios comunit&aacute;rias e livres. <br \/>&#8211;<\/em><\/span><span><em>Lutar pela democratiza&ccedil;&atilde;o de todos os meios de comunica&ccedil;&atilde;o da sociedade contribuindo para a forma&ccedil;&atilde;o da consci&ecirc;ncia pol&iacute;tica e a valoriza&ccedil;&atilde;o da cultura do povo&rdquo;.<\/p>\n<p><font face=\"Times New Roman\"><\/font><\/em><\/span><\/p>\n","protected":false},"excerpt":{"rendered":"<p>A carta final aprovada no V Congresso do Movimento dos Trabalhadores Rurais Sem Terra (MST) aponta como uma das prioridades do movimento para o pr&oacute;ximo per&iacute;odo a luta pela democratiza&ccedil;&atilde;o da comunica&ccedil;&atilde;o. Entre outras quest&otilde;es, diz a carta&nbsp;aprovada pelos quase 18 mil trabalhadores presentes em Bras&iacute;lia entre os dias 11 e 15 de junho que &hellip; <a href=\"https:\/\/obscom.intervozes.org.br\/?p=18557\" class=\"more-link\">Continue lendo <span class=\"screen-reader-text\">Congresso do MST aponta democratiza\u00e7\u00e3o da comunica\u00e7\u00e3o como prioridade<\/span> <span class=\"meta-nav\">&rarr;<\/span><\/a><\/p>\n","protected":false},"author":1,"featured_media":0,"comment_status":"open","ping_status":"open","sticky":false,"template":"","format":"standard","meta":{"footnotes":""},"categories":[39],"tags":[],"_links":{"self":[{"href":"https:\/\/obscom.intervozes.org.br\/index.php?rest_route=\/wp\/v2\/posts\/18557"}],"collection":[{"href":"https:\/\/obscom.intervozes.org.br\/index.php?rest_route=\/wp\/v2\/posts"}],"about":[{"href":"https:\/\/obscom.intervozes.org.br\/index.php?rest_route=\/wp\/v2\/types\/post"}],"author":[{"embeddable":true,"href":"https:\/\/obscom.intervozes.org.br\/index.php?rest_route=\/wp\/v2\/users\/1"}],"replies":[{"embeddable":true,"href":"https:\/\/obscom.intervozes.org.br\/index.php?rest_route=%2Fwp%2Fv2%2Fcomments&post=18557"}],"version-history":[{"count":0,"href":"https:\/\/obscom.intervozes.org.br\/index.php?rest_route=\/wp\/v2\/posts\/18557\/revisions"}],"wp:attachment":[{"href":"https:\/\/obscom.intervozes.org.br\/index.php?rest_route=%2Fwp%2Fv2%2Fmedia&parent=18557"}],"wp:term":[{"taxonomy":"category","embeddable":true,"href":"https:\/\/obscom.intervozes.org.br\/index.php?rest_route=%2Fwp%2Fv2%2Fcategories&post=18557"},{"taxonomy":"post_tag","embeddable":true,"href":"https:\/\/obscom.intervozes.org.br\/index.php?rest_route=%2Fwp%2Fv2%2Ftags&post=18557"}],"curies":[{"name":"wp","href":"https:\/\/api.w.org\/{rel}","templated":true}]}}