{"id":18556,"date":"2007-06-22T12:23:28","date_gmt":"2007-06-22T12:23:28","guid":{"rendered":"https:\/\/obscom.intervozes.org.br\/wordpress\/?p=18556"},"modified":"2007-06-22T12:23:28","modified_gmt":"2007-06-22T12:23:28","slug":"dilma-desautoriza-costa-e-diz-que-mantem-decisao-sobre-copias","status":"publish","type":"post","link":"https:\/\/obscom.intervozes.org.br\/?p=18556","title":{"rendered":"Dilma desautoriza Costa e diz que mant\u00e9m decis\u00e3o sobre c\u00f3pias"},"content":{"rendered":"<p style=\"margin: 0cm 0cm 0pt\" class=\"MsoNormal\"><span>Em nota &agrave; imprensa divulgada nesta quinta, 21, a Casa Civil afirma n&atilde;o ter havido nenhuma mudan&ccedil;a na decis&atilde;o tomada pelo Comit&ecirc; de Desenvolvimento do SBTVD em rela&ccedil;&atilde;o ao bloqueio das grava&ccedil;&otilde;es de conte&uacute;do veiculado pela TV digital. O recado da ministra Dilma Rousseff teve como destinat&aacute;rio o ministro das Comunica&ccedil;&otilde;es, H&eacute;lio Costa. Quarta-feira, ele disse aos jornalistas, em entrevista coletiva, que Dilma e o ministro da Ci&ecirc;ncia e Tecnologia, S&eacute;rgio Rezende, chegaram &agrave; conclus&atilde;o de que o bloqueio era o melhor caminho para evitar a pirataria de conte&uacute;do na televis&atilde;o aberta. De acordo com Costa, Dilma teria mostrado concord&acirc;ncia com o bloqueio durante almo&ccedil;o realizado na ter&ccedil;a-feira, 19, na casa do ministro das Comunica&ccedil;&otilde;es, com os donos das principais emissoras de TV do pa&iacute;s. <\/p>\n<p><\/span><span>Segundo a nota &agrave; imprensa, os radiodifusores enviaram um recurso &agrave; Casa Civil para tentar mudar a decis&atilde;o de n&atilde;o autorizar o bloqueio. O pedido das emissoras ser&aacute; analisado na pr&oacute;xima reuni&atilde;o do Comit&ecirc; de Desenvolvimento, que acontece na semana que vem. &quot;Assim sendo, n&atilde;o h&aacute;, at&eacute; a an&aacute;lise do recurso por parte do governo federal, nenhuma altera&ccedil;&atilde;o da decis&atilde;o tomada&quot;, conclui a nota.<\/p>\n<p><\/span><span>O Minist&eacute;rio das Comunica&ccedil;&otilde;es n&atilde;o considerou a nota da Casa Civil uma desautoriza&ccedil;&atilde;o &agrave; afirma&ccedil;&atilde;o de H&eacute;lio Costa. Segundo a assessoria de imprensa, a nota apenas reafirma o que foi dito pelo ministro: que a n&atilde;o autoriza&ccedil;&atilde;o ao bloqueio continua mantida, mas que o comit&ecirc; ir&aacute; rediscutir o assunto.<\/p>\n<p><\/span><strong>Press&atilde;o internacional<br \/><\/strong><\/p>\n<p style=\"margin: 0cm 0cm 0pt\" class=\"MsoNormal\"><span><br \/>Este notici&aacute;rio ouviu de fonte ligada ao F&oacute;rum de TV Digital que os radiodifusores est&atilde;o recebendo press&otilde;es dos distribuidores internacionais de conte&uacute;do, que querem garantias de que seu conte&uacute;do n&atilde;o ser&aacute; pirateado ap&oacute;s a transmiss&atilde;o no Brasil. Vale destacar que, com as transmiss&otilde;es digitais, a c&oacute;pia do conte&uacute;do n&atilde;o apresentar&aacute; perda de qualidade. Assim, um filme transmitido por emissora digital poder&aacute; ser copiado com qualidade de imagem igual &agrave; de um DVD. Se o conte&uacute;do for transmitido em alta defini&ccedil;&atilde;o, a qualidade ser&aacute; ainda superior &agrave; dos DVDs atuais.<\/p>\n<p><\/span><span>Todavia, &eacute; importante salientar, as transmiss&otilde;es internacionais de TV digital n&atilde;o contam com tal mecanismo de prote&ccedil;&atilde;o. Nem mesmo as transmiss&otilde;es nos Estados Unidos, pa&iacute;s produtor da maior parte do conte&uacute;do internacional exibido no Brasil. <\/p>\n<p><img loading=\"lazy\" decoding=\"async\" src=\"images\/stories\/politica_publicacoes\/c_normal_pq.png\" alt=\"Active Image\" width=\"15\" height=\"15\" \/>&nbsp;publica&ccedil;&atilde;o autorizada.<\/span><\/p>\n","protected":false},"excerpt":{"rendered":"<p>Em nota divulgada nesta quinta, 21, a Casa Civil afirma n\u00e3o ter havido  mudan\u00e7a na decis\u00e3o tomada em rela\u00e7\u00e3o ao bloqueio das grava\u00e7\u00f5es de conte\u00fados da TV digital. O recado da ministra Dilma Rousseff teve como destinat\u00e1rio o ministro das Comunica\u00e7\u00f5es, H\u00e9lio Costa.<\/p>\n","protected":false},"author":1,"featured_media":0,"comment_status":"open","ping_status":"open","sticky":false,"template":"","format":"standard","meta":{"footnotes":""},"categories":[40],"tags":[79],"_links":{"self":[{"href":"https:\/\/obscom.intervozes.org.br\/index.php?rest_route=\/wp\/v2\/posts\/18556"}],"collection":[{"href":"https:\/\/obscom.intervozes.org.br\/index.php?rest_route=\/wp\/v2\/posts"}],"about":[{"href":"https:\/\/obscom.intervozes.org.br\/index.php?rest_route=\/wp\/v2\/types\/post"}],"author":[{"embeddable":true,"href":"https:\/\/obscom.intervozes.org.br\/index.php?rest_route=\/wp\/v2\/users\/1"}],"replies":[{"embeddable":true,"href":"https:\/\/obscom.intervozes.org.br\/index.php?rest_route=%2Fwp%2Fv2%2Fcomments&post=18556"}],"version-history":[{"count":0,"href":"https:\/\/obscom.intervozes.org.br\/index.php?rest_route=\/wp\/v2\/posts\/18556\/revisions"}],"wp:attachment":[{"href":"https:\/\/obscom.intervozes.org.br\/index.php?rest_route=%2Fwp%2Fv2%2Fmedia&parent=18556"}],"wp:term":[{"taxonomy":"category","embeddable":true,"href":"https:\/\/obscom.intervozes.org.br\/index.php?rest_route=%2Fwp%2Fv2%2Fcategories&post=18556"},{"taxonomy":"post_tag","embeddable":true,"href":"https:\/\/obscom.intervozes.org.br\/index.php?rest_route=%2Fwp%2Fv2%2Ftags&post=18556"}],"curies":[{"name":"wp","href":"https:\/\/api.w.org\/{rel}","templated":true}]}}