{"id":18549,"date":"2007-06-20T15:39:28","date_gmt":"2007-06-20T15:39:28","guid":{"rendered":"https:\/\/obscom.intervozes.org.br\/wordpress\/?p=18549"},"modified":"2007-06-20T15:39:28","modified_gmt":"2007-06-20T15:39:28","slug":"governo-recua-e-diz-que-tv-pode-ter-mecanismos-anti-copia","status":"publish","type":"post","link":"https:\/\/obscom.intervozes.org.br\/?p=18549","title":{"rendered":"Governo recua e diz que TV pode ter mecanismos anti-c\u00f3pia"},"content":{"rendered":"<p><span>Ap&oacute;s uma reuni&atilde;o realizada na &uacute;ltima ter&ccedil;a-feira (19) entre os ministros H&eacute;lio Costa e Dilma Roussef, representantes das emissoras comerciais e da MPA &#8211; Motion Picture Association (que representa os interesses da ind&uacute;stria de cinema norte-americana), o governo brasileiro parece estar disposto a reconsiderar a decis&atilde;o de n&atilde;o incluir nas especifica&ccedil;&otilde;es t&eacute;cnicas da TV digital mecanismos que impe&ccedil;am os cidad&atilde;os de copiar os conte&uacute;dos para os usos que a legisla&ccedil;&atilde;o permite. Tais mecanismos s&atilde;o conhecidos genericamente por DRM (Digital Rights Management). <\/span><span>&nbsp;<\/p>\n<p><\/span><span>O an&uacute;ncio da possibilidade de reconsiderar a decis&atilde;o foi feito pelo ministro das Comunica&ccedil;&otilde;es em entrevista coletiva realizada nesta quarta-feira (20\/06) pela manh&atilde;, contrariando o que ele pr&oacute;prio havia afirmado dias antes, ou seja, que o Brasil n&atilde;o instalaria mecanismos anti-c&oacute;pia na TV digital por considerar que a proibi&ccedil;&atilde;o&nbsp;fere a Constitui&ccedil;&atilde;o e a legisla&ccedil;&atilde;o infra-constitucional.<\/span><span>&nbsp;<\/p>\n<p><\/span><span>Segundo Costa, o governo agora est&aacute; estudando instalar nos conversores um &ldquo;DRM flex&iacute;vel&rdquo; que faria com que os telespectadores s&oacute; pudessem gravar os programas nos pr&oacute;prios conversores (set top boxes), sem que fosse poss&iacute;vel transferi-los para outros suportes, como DVDs ou CDs. Para o ministro, a &ldquo;flexibilidade&rdquo; no DRM deixaria de violar a legisla&ccedil;&atilde;o, pois asseguraria aos usu&aacute;rios a possibilidade de possuir uma &ldquo;c&oacute;pia caseira&rdquo;. De acordo com a nova posi&ccedil;&atilde;o de Costa, &ldquo;&eacute; o dono do conte&uacute;do quem vai definir se pode copiar e quantas vezes isso pode ser feito&rdquo;.<\/span><span>&nbsp;<\/p>\n<p><\/span><span>Entretanto, ao contr&aacute;rio do que disse Costa, a legisla&ccedil;&atilde;o brasileira (Lei 9610) n&atilde;o se refere em momento algum &agrave;s &ldquo;c&oacute;pias caseiras&rdquo;, e sim &agrave;s c&oacute;pias para &ldquo;uso privado&rdquo;, o que possibilita que as c&oacute;pias sejam feitas em diferentes suportes e utilizadas em diversos locais. &Eacute; o caso, por exemplo, de um professor que julgue pertinente copiar um trecho de um programa televisivo para discuss&atilde;o em sala de aula. Com a &ldquo;flexibilidade&rdquo; proposta por Costa, isso n&atilde;o seria mais poss&iacute;vel.<\/span><span>&nbsp;<\/p>\n<p><\/span><span>Al&eacute;m disso, a possibilidade de grava&ccedil;&atilde;o restrita ao armazenamento dos conte&uacute;dos nos conversores esbarra em uma quest&atilde;o objetiva: a de que a maioria da popula&ccedil;&atilde;o comprar&aacute; os conversores mais simples, que sequer ter&atilde;o capacidade de armazenamento de conte&uacute;do. Ou seja, ao inv&eacute;s de &ldquo;flexibilizar&rdquo; as c&oacute;pias, a nova f&oacute;rmula proposta vai condenar a maioria da popula&ccedil;&atilde;o a n&atilde;o ter qualquer possibilidade de copiar conte&uacute;dos para fins pessoais, educativos e n&atilde;o-lucrativos, pelo simples fato de que seu set top box n&atilde;o ser&aacute; capaz de armazen&aacute;-los.<\/span><span>&nbsp;<\/p>\n<p><\/span><span>Caso a revis&atilde;o da decis&atilde;o sobre o DRM seja referendada, o governo brasileiro ir&aacute;, uma vez mais, ceder &agrave; press&atilde;o dos radiodifusores comerciais &#8211; agora aliados &agrave; ind&uacute;stria norte-americana de cinema &#8211;&nbsp;instituindo mecanismos de controle opostos &agrave;s pol&iacute;ticas de compartilhamento do conhecimento defendidas pelo pr&oacute;prio governo,&nbsp;com destaque para o&nbsp;Minist&eacute;rio da Cultura e&nbsp;para o Minist&eacute;rio das Rela&ccedil;&otilde;es Exteriores.<\/p>\n<p><font size=\"3\"><img loading=\"lazy\" decoding=\"async\" src=\"images\/stories\/politica_publicacoes\/c_invertido_pq.png\" alt=\"Active Image\" width=\"15\" height=\"15\" \/><\/font><\/span><\/p>\n","protected":false},"excerpt":{"rendered":"<p>Ap\u00f3s nova reuni\u00e3o com representantes dos radiodifusores e da ind\u00fastria de cinema norte-americana, governo diz estar disposto a rever decis\u00e3o de n\u00e3o incluir na TV digital mecanismos que impe\u00e7am os cidad\u00e3os de copiar conte\u00fados para os fins que a legisla\u00e7\u00e3o permite.<\/p>\n","protected":false},"author":1,"featured_media":0,"comment_status":"open","ping_status":"open","sticky":false,"template":"","format":"standard","meta":{"footnotes":""},"categories":[40],"tags":[79],"_links":{"self":[{"href":"https:\/\/obscom.intervozes.org.br\/index.php?rest_route=\/wp\/v2\/posts\/18549"}],"collection":[{"href":"https:\/\/obscom.intervozes.org.br\/index.php?rest_route=\/wp\/v2\/posts"}],"about":[{"href":"https:\/\/obscom.intervozes.org.br\/index.php?rest_route=\/wp\/v2\/types\/post"}],"author":[{"embeddable":true,"href":"https:\/\/obscom.intervozes.org.br\/index.php?rest_route=\/wp\/v2\/users\/1"}],"replies":[{"embeddable":true,"href":"https:\/\/obscom.intervozes.org.br\/index.php?rest_route=%2Fwp%2Fv2%2Fcomments&post=18549"}],"version-history":[{"count":0,"href":"https:\/\/obscom.intervozes.org.br\/index.php?rest_route=\/wp\/v2\/posts\/18549\/revisions"}],"wp:attachment":[{"href":"https:\/\/obscom.intervozes.org.br\/index.php?rest_route=%2Fwp%2Fv2%2Fmedia&parent=18549"}],"wp:term":[{"taxonomy":"category","embeddable":true,"href":"https:\/\/obscom.intervozes.org.br\/index.php?rest_route=%2Fwp%2Fv2%2Fcategories&post=18549"},{"taxonomy":"post_tag","embeddable":true,"href":"https:\/\/obscom.intervozes.org.br\/index.php?rest_route=%2Fwp%2Fv2%2Ftags&post=18549"}],"curies":[{"name":"wp","href":"https:\/\/api.w.org\/{rel}","templated":true}]}}