{"id":18545,"date":"2007-06-20T12:17:37","date_gmt":"2007-06-20T12:17:37","guid":{"rendered":"https:\/\/obscom.intervozes.org.br\/wordpress\/?p=18545"},"modified":"2007-06-20T12:17:37","modified_gmt":"2007-06-20T12:17:37","slug":"produtores-independentes-pedem-participacao-nas-discussoes-no-senado","status":"publish","type":"post","link":"https:\/\/obscom.intervozes.org.br\/?p=18545","title":{"rendered":"Produtores independentes pedem participa\u00e7\u00e3o nas discuss\u00f5es no Senado"},"content":{"rendered":"<p>A ind&uacute;stria independente de produ&ccedil;&atilde;o de cinema e TV n&atilde;o gostou da forma como as audi&ecirc;ncias p&uacute;blicas em torno do projeto de lei 280\/2007, do Senador Flexa Ribeiro (PSDB\/PA), foram montadas. O PLS prop&otilde;e que todas as empresas de produ&ccedil;&atilde;o, programa&ccedil;&atilde;o ou provimento de conte&uacute;do (incluindo a TV por assinatura) sigam as mesmas regras da TV aberta, incluindo a&iacute; o limite ao capital estrangeiro. <\/p>\n<p>Os produtores perguntam por que n&atilde;o foram convidados para as audi&ecirc;ncias p&uacute;blicas que contaram com o ex-presidente da Ancine, Gustavo Dahl, e o cineasta Carlos Diegues. Estes, no entanto, segundo o CBC (Congresso Brasileiro de Cinema), n&atilde;o est&atilde;o diretamente ligados ao corpo diretivo de nenhuma das entidades representativas dos produtores de conte&uacute;do.<\/p>\n<p>O CBC, que re&uacute;ne diversas associa&ccedil;&otilde;es do setor audiovisual e do cinema, enviou carta aos senadores Cristovam Buarque, presidente da Comiss&atilde;o de Educa&ccedil;&atilde;o, Cultura e Esporte; Dem&oacute;stenes Torres, presidente da Subcomiss&atilde;o Permanente de Cinema, Teatro, M&uacute;sica e Comunica&ccedil;&atilde;o Social; e J&uacute;lio Linhares, secret&aacute;rio da Comiss&atilde;o de Educa&ccedil;&atilde;o, Cultura e Esporte, pedindo a participa&ccedil;&atilde;o das entidades de produtores nas audi&ecirc;ncias p&uacute;blicas.<\/p>\n<p><strong><u>Veja &iacute;ntegra da carta, enviada na &uacute;ltima sexta-feira, 15:<\/u><\/strong>&nbsp;<\/p>\n<p><em>Prezados Senhores,<br \/><\/em><em><br \/>Causa profundo mal-estar a aus&ecirc;ncia de representantes das entidades e associa&ccedil;&otilde;es vinculadas a produtores de conte&uacute;do nas convoca&ccedil;&otilde;es feitas pela Comiss&atilde;o de Educa&ccedil;&atilde;o, Cultura e Esporte, em conjunto com a Subcomiss&atilde;o Permanente de Cinema, Teatro, M&uacute;sica e Comunica&ccedil;&atilde;o Social do Senado Federal para a realiza&ccedil;&atilde;o de Audi&ecirc;ncias P&uacute;blicas com o prop&oacute;sito de instruir o Projeto de Lei n&ordm; 280\/2007 que &quot;Disp&otilde;e sobre a produ&ccedil;&atilde;o, programa&ccedil;&atilde;o e provimento de conte&uacute;do brasileiro para distribui&ccedil;&atilde;o por meio eletr&ocirc;nico e d&aacute; outras provid&ecirc;ncias&quot;.<\/p>\n<p><\/em><em>Ainda que tenham sido convocados profissionais de not&oacute;rio saber e experi&ecirc;ncia na &aacute;rea de produ&ccedil;&atilde;o cinematogr&aacute;fica, como os Srs. Gustavo Dahl e Carlos Diegues, os mesmos n&atilde;o est&atilde;o diretamente ligados ao corpo diretivo de nenhuma das entidades representativas dos produtores de conte&uacute;do. Portanto, n&atilde;o nos parece que tenham sido seguidos os mesmos crit&eacute;rios na convoca&ccedil;&atilde;o dos representantes das demais categorias, sempre vinculados &agrave;s organiza&ccedil;&otilde;es associativas de seus respectivos segmentos.<\/p>\n<p><\/em><em>A convoca&ccedil;&atilde;o do Senado Federal feita desta maneira indica uma postura da Casa em rela&ccedil;&atilde;o &agrave; produ&ccedil;&atilde;o independente de conte&uacute;do que compromete a qualidade da discuss&atilde;o de tema de tamanha import&acirc;ncia para a soberania nacional, ferindo os preceitos da representatividade democr&aacute;tica.<\/p>\n<p><\/em><em>Sendo assim, solicitamos que a omiss&atilde;o seja corrigida com a m&aacute;xima urg&ecirc;ncia, atrav&eacute;s da inclus&atilde;o de representantes das entidades legalmente constitu&iacute;das vinculadas aos produtores de conte&uacute;do em uma ou mais das tr&ecirc;s audi&ecirc;ncias p&uacute;blicas convocadas.<\/em><\/p>\n<p><em>Atenciosamente,<\/p>\n<p><\/em><em>Paulo Boccato<br \/><\/em><em>Presidente do Congresso Brasileiro de Cinema Da Reda&ccedil;&atilde;o<\/em><\/p>\n<p style=\"margin: 0cm 0cm 0pt\" class=\"MsoNormal\">&nbsp;<\/p>\n<p style=\"margin: 0cm 0cm 0pt\" class=\"MsoNormal\">&nbsp;<\/p>\n<p><em><font size=\"3\"><img loading=\"lazy\" decoding=\"async\" src=\"images\/stories\/politica_publicacoes\/c_normal_pq.png\" alt=\"Active Image\" width=\"15\" height=\"15\" \/>&nbsp;<\/font><\/em>publica&ccedil;&atilde;o autorizada.<\/p>\n","protected":false},"excerpt":{"rendered":"<p>A ind&uacute;stria independente de produ&ccedil;&atilde;o de cinema e TV n&atilde;o gostou da forma como as audi&ecirc;ncias p&uacute;blicas em torno do projeto de lei 280\/2007, do Senador Flexa Ribeiro (PSDB\/PA), foram montadas. O PLS prop&otilde;e que todas as empresas de produ&ccedil;&atilde;o, programa&ccedil;&atilde;o ou provimento de conte&uacute;do (incluindo a TV por assinatura) sigam as mesmas regras da &hellip; <a href=\"https:\/\/obscom.intervozes.org.br\/?p=18545\" class=\"more-link\">Continue lendo <span class=\"screen-reader-text\">Produtores independentes pedem participa\u00e7\u00e3o nas discuss\u00f5es no Senado<\/span> <span class=\"meta-nav\">&rarr;<\/span><\/a><\/p>\n","protected":false},"author":1,"featured_media":0,"comment_status":"open","ping_status":"open","sticky":false,"template":"","format":"standard","meta":{"footnotes":""},"categories":[40],"tags":[120],"_links":{"self":[{"href":"https:\/\/obscom.intervozes.org.br\/index.php?rest_route=\/wp\/v2\/posts\/18545"}],"collection":[{"href":"https:\/\/obscom.intervozes.org.br\/index.php?rest_route=\/wp\/v2\/posts"}],"about":[{"href":"https:\/\/obscom.intervozes.org.br\/index.php?rest_route=\/wp\/v2\/types\/post"}],"author":[{"embeddable":true,"href":"https:\/\/obscom.intervozes.org.br\/index.php?rest_route=\/wp\/v2\/users\/1"}],"replies":[{"embeddable":true,"href":"https:\/\/obscom.intervozes.org.br\/index.php?rest_route=%2Fwp%2Fv2%2Fcomments&post=18545"}],"version-history":[{"count":0,"href":"https:\/\/obscom.intervozes.org.br\/index.php?rest_route=\/wp\/v2\/posts\/18545\/revisions"}],"wp:attachment":[{"href":"https:\/\/obscom.intervozes.org.br\/index.php?rest_route=%2Fwp%2Fv2%2Fmedia&parent=18545"}],"wp:term":[{"taxonomy":"category","embeddable":true,"href":"https:\/\/obscom.intervozes.org.br\/index.php?rest_route=%2Fwp%2Fv2%2Fcategories&post=18545"},{"taxonomy":"post_tag","embeddable":true,"href":"https:\/\/obscom.intervozes.org.br\/index.php?rest_route=%2Fwp%2Fv2%2Ftags&post=18545"}],"curies":[{"name":"wp","href":"https:\/\/api.w.org\/{rel}","templated":true}]}}