{"id":18538,"date":"2007-06-19T16:53:26","date_gmt":"2007-06-19T16:53:26","guid":{"rendered":"https:\/\/obscom.intervozes.org.br\/wordpress\/?p=18538"},"modified":"2016-06-01T17:53:01","modified_gmt":"2016-06-01T17:53:01","slug":"de-forma-nebulosa-radio-comunitaria-e-fechada-em-campinas","status":"publish","type":"post","link":"https:\/\/obscom.intervozes.org.br\/?p=18538","title":{"rendered":"De forma nebulosa, r\u00e1dio comunit\u00e1ria \u00e9 fechada em Campinas"},"content":{"rendered":"<p><span>Em uma opera&ccedil;&atilde;o obscura, noticiada pela R&aacute;dio CBN antes mesmo da a&ccedil;&atilde;o policial ser efetivada, foi fechada mais uma r&aacute;dio comunit&aacute;ria, desta vez no distrito de Souzas, em Campinas, SP. A a&ccedil;&atilde;o, instru&iacute;da pela Anatel e executada pela Pol&iacute;cia Civil local, &eacute; mais um exemplo da morosidade na legaliza&ccedil;&atilde;o e, por outro lado, da agilidade na repress&atilde;o &agrave;s r&aacute;dios comunit&aacute;rias.<\/p>\n<p><\/span><span>Segundo relato do diretor da Abra&ccedil;o &ndash; Associa&ccedil;&atilde;o Brasileira de R&aacute;dios Comunit&aacute;rias em Campinas, Jerry Oliveira, a r&aacute;dio, mantida pela Associa&ccedil;&atilde;o Comunit&aacute;ria Tropical, se encontrava fora do ar, pois aguardava processo de outorga pelo Minist&eacute;rio das Comunica&ccedil;&otilde;es e j&aacute; contava com aval de viabilidade t&eacute;cnica. Assim mesmo, o delegado respons&aacute;vel pela apreens&atilde;o dos equipamentos alegou que esta seria uma medida de &ldquo;precau&ccedil;&atilde;o&rdquo;, ignorando que os equipamentos s&atilde;o perfeitamente legais e que a emissora se encontra em processo de regulariza&ccedil;&atilde;o, que s&oacute; n&atilde;o se efetivou ainda por conta da inefici&ecirc;ncia do Minist&eacute;rio das Comunica&ccedil;&otilde;es.<\/p>\n<p><\/span><span>A seguir, trecho da den&uacute;ncia enviada por Jerry Oliveira:<\/p>\n<p><\/span><span>&ldquo;A pol&iacute;cia constatou que a emissora n&atilde;o estava no ar. Alegamos para o delegado que est&aacute;vamos esperando a outorga, pois o processo da entidade (Associa&ccedil;&atilde;o Comunit&aacute;ria Tropical) encontra-se instru&iacute;do e tecnicamente vi&aacute;vel. O delegado, mesmo assim, levou o transmissor por &lsquo;precau&ccedil;&atilde;o&rsquo;, alegando que a emissora poderia entrar no ar assim que ele &lsquo;virasse as costas&rsquo;. Acabou levando o transmissor, homologado pela Anatel&rdquo;.<\/span> <\/p>\n<p>&nbsp;<\/p>\n","protected":false},"excerpt":{"rendered":"<p>Em opera\u00e7\u00e3o nebulosa (noticiada pela R\u00e1dio CBN antes mesmo da a\u00e7\u00e3o policial ser efetivada) foi fechada mais uma r\u00e1dio comunit\u00e1ria, desta vez no distrito de Souzas, em Campinas, SP. A\u00e7\u00e3o \u00e9 mais um exemplo da morosidade na legaliza\u00e7\u00e3o e da agilidade na repress\u00e3o.<\/p>\n","protected":false},"author":1,"featured_media":0,"comment_status":"open","ping_status":"open","sticky":false,"template":"","format":"standard","meta":{"footnotes":""},"categories":[40],"tags":[],"_links":{"self":[{"href":"https:\/\/obscom.intervozes.org.br\/index.php?rest_route=\/wp\/v2\/posts\/18538"}],"collection":[{"href":"https:\/\/obscom.intervozes.org.br\/index.php?rest_route=\/wp\/v2\/posts"}],"about":[{"href":"https:\/\/obscom.intervozes.org.br\/index.php?rest_route=\/wp\/v2\/types\/post"}],"author":[{"embeddable":true,"href":"https:\/\/obscom.intervozes.org.br\/index.php?rest_route=\/wp\/v2\/users\/1"}],"replies":[{"embeddable":true,"href":"https:\/\/obscom.intervozes.org.br\/index.php?rest_route=%2Fwp%2Fv2%2Fcomments&post=18538"}],"version-history":[{"count":1,"href":"https:\/\/obscom.intervozes.org.br\/index.php?rest_route=\/wp\/v2\/posts\/18538\/revisions"}],"predecessor-version":[{"id":29423,"href":"https:\/\/obscom.intervozes.org.br\/index.php?rest_route=\/wp\/v2\/posts\/18538\/revisions\/29423"}],"wp:attachment":[{"href":"https:\/\/obscom.intervozes.org.br\/index.php?rest_route=%2Fwp%2Fv2%2Fmedia&parent=18538"}],"wp:term":[{"taxonomy":"category","embeddable":true,"href":"https:\/\/obscom.intervozes.org.br\/index.php?rest_route=%2Fwp%2Fv2%2Fcategories&post=18538"},{"taxonomy":"post_tag","embeddable":true,"href":"https:\/\/obscom.intervozes.org.br\/index.php?rest_route=%2Fwp%2Fv2%2Ftags&post=18538"}],"curies":[{"name":"wp","href":"https:\/\/api.w.org\/{rel}","templated":true}]}}