{"id":18530,"date":"2007-06-19T12:56:40","date_gmt":"2007-06-19T12:56:40","guid":{"rendered":"https:\/\/obscom.intervozes.org.br\/wordpress\/?p=18530"},"modified":"2007-06-19T12:56:40","modified_gmt":"2007-06-19T12:56:40","slug":"record-e-suspeita-de-falsidade-ideologica-na-aquisicao-de-emissoras","status":"publish","type":"post","link":"https:\/\/obscom.intervozes.org.br\/?p=18530","title":{"rendered":"Record \u00e9 suspeita de falsidade ideol\u00f3gica na aquisi\u00e7\u00e3o de emissoras"},"content":{"rendered":"<p>O Superior Tribunal de Justi&ccedil;a confirmou o desmembramento do processo que investiga crimes de falsidade ideol&oacute;gica nos contratos que envolvem a aquisi&ccedil;&atilde;o de a&ccedil;&otilde;es de emissoras da Rede Record. Com a decis&atilde;o, caber&aacute; &agrave; Justi&ccedil;a Federal de Minas Gerais analisar o inqu&eacute;rito que apura a suspeita de crimes praticados por pessoas ligadas &agrave; Rede Record, a partir de not&iacute;cias de que pastores da Igreja Universal do Reino de Deus, embora formalmente acionistas das emissoras da rede, n&atilde;o passariam de &ldquo;laranjas&rdquo; da institui&ccedil;&atilde;o. A suspeita &eacute; a de que a Igreja &eacute; a verdadeira gestora do canal de comunica&ccedil;&atilde;o.<\/p>\n<p>O posicionamento da 3&ordf; Se&ccedil;&atilde;o do STJ foi firmado no Conflito de Compet&ecirc;ncia apresentado pela Justi&ccedil;a Federal de S&atilde;o Paulo, onde tramita a A&ccedil;&atilde;o Penal Origin&aacute;ria. A pedido do Minist&eacute;rio P&uacute;blico, c&oacute;pias dos autos deste inqu&eacute;rito policial haviam sido encaminhadas para Varas Federais das localidades que s&atilde;o sede das emissoras da Rede Record, sob a justificativa de ser o local de consuma&ccedil;&atilde;o dos crimes eventuais.<\/p>\n<p>A 9&ordf; Vara Criminal de Minas Gerais entendeu haver conex&atilde;o entre os delitos do processo desmembrado e do processo origin&aacute;rio, de S&atilde;o Paulo, e devolveu os autos &agrave; 4&ordf; Vara Criminal Federal de S&atilde;o Paulo. Desta diverg&ecirc;ncia, surgiu o conflito que chegou ao STJ.<\/p>\n<p>Na 3&ordf; Se&ccedil;&atilde;o, o relator, ministro Arnaldo Estevs Lima, esclareceu que o caso se enquadra na hip&oacute;tese do C&oacute;digo de Processo Civil (artigo 80) de desmembramento facultativo, por se referir &agrave; pr&aacute;tica de infra&ccedil;&otilde;es em diversos estados, com participa&ccedil;&atilde;o de in&uacute;meras pessoas.<\/p>\n<p>Segundo o relator, o desmembramento &eacute; conveniente por serem complexas as a&ccedil;&otilde;es apuradas no inqu&eacute;rito policial origin&aacute;rio. A demora na instru&ccedil;&atilde;o s&oacute; beneficia os criminosos, de acordo com ele.<\/p>\n","protected":false},"excerpt":{"rendered":"<p>O Superior Tribunal de Justi&ccedil;a confirmou o desmembramento do processo que investiga crimes de falsidade ideol&oacute;gica nos contratos que envolvem a aquisi&ccedil;&atilde;o de a&ccedil;&otilde;es de emissoras da Rede Record. Com a decis&atilde;o, caber&aacute; &agrave; Justi&ccedil;a Federal de Minas Gerais analisar o inqu&eacute;rito que apura a suspeita de crimes praticados por pessoas ligadas &agrave; Rede Record, &hellip; <a href=\"https:\/\/obscom.intervozes.org.br\/?p=18530\" class=\"more-link\">Continue lendo <span class=\"screen-reader-text\">Record \u00e9 suspeita de falsidade ideol\u00f3gica na aquisi\u00e7\u00e3o de emissoras<\/span> <span class=\"meta-nav\">&rarr;<\/span><\/a><\/p>\n","protected":false},"author":1,"featured_media":0,"comment_status":"open","ping_status":"open","sticky":false,"template":"","format":"standard","meta":{"footnotes":""},"categories":[40],"tags":[66],"_links":{"self":[{"href":"https:\/\/obscom.intervozes.org.br\/index.php?rest_route=\/wp\/v2\/posts\/18530"}],"collection":[{"href":"https:\/\/obscom.intervozes.org.br\/index.php?rest_route=\/wp\/v2\/posts"}],"about":[{"href":"https:\/\/obscom.intervozes.org.br\/index.php?rest_route=\/wp\/v2\/types\/post"}],"author":[{"embeddable":true,"href":"https:\/\/obscom.intervozes.org.br\/index.php?rest_route=\/wp\/v2\/users\/1"}],"replies":[{"embeddable":true,"href":"https:\/\/obscom.intervozes.org.br\/index.php?rest_route=%2Fwp%2Fv2%2Fcomments&post=18530"}],"version-history":[{"count":0,"href":"https:\/\/obscom.intervozes.org.br\/index.php?rest_route=\/wp\/v2\/posts\/18530\/revisions"}],"wp:attachment":[{"href":"https:\/\/obscom.intervozes.org.br\/index.php?rest_route=%2Fwp%2Fv2%2Fmedia&parent=18530"}],"wp:term":[{"taxonomy":"category","embeddable":true,"href":"https:\/\/obscom.intervozes.org.br\/index.php?rest_route=%2Fwp%2Fv2%2Fcategories&post=18530"},{"taxonomy":"post_tag","embeddable":true,"href":"https:\/\/obscom.intervozes.org.br\/index.php?rest_route=%2Fwp%2Fv2%2Ftags&post=18530"}],"curies":[{"name":"wp","href":"https:\/\/api.w.org\/{rel}","templated":true}]}}