{"id":18524,"date":"2007-06-15T16:57:03","date_gmt":"2007-06-15T16:57:03","guid":{"rendered":"https:\/\/obscom.intervozes.org.br\/wordpress\/?p=18524"},"modified":"2007-06-15T16:57:03","modified_gmt":"2007-06-15T16:57:03","slug":"encontro-em-brasilia-definira-bases-para-conferencia-nacional","status":"publish","type":"post","link":"https:\/\/obscom.intervozes.org.br\/?p=18524","title":{"rendered":"Encontro em Bras\u00edlia definir\u00e1 bases para Confer\u00eancia Nacional"},"content":{"rendered":"<p>Na pr&oacute;xima semana, organiza&ccedil;&otilde;es da sociedade civil, movimentos sociais, pesquisadores e parlamentares se re&uacute;nem em Bras&iacute;lia para discutir um novo modelo para as comunica&ccedil;&otilde;es no Brasil. Objetivo &eacute; construir confer&ecirc;ncia nacional de forma participativa e democr&aacute;tica.<\/p>\n<p>Partindo do princ&iacute;pio que um novo modelo de comunica&ccedil;&atilde;o &eacute; condi&ccedil;&atilde;o para avan&ccedil;ar na dire&ccedil;&atilde;o da plena democracia, da inclus&atilde;o social e da concretiza&ccedil;&atilde;o dos direitos humanos, organiza&ccedil;&otilde;es da sociedade civil, movimentos sociais, pesquisadores e parlamentares se re&uacute;nem em Bras&iacute;lia na pr&oacute;xima semana no Encontro Nacional de Comunica&ccedil;&atilde;o. Organizado pelas comiss&otilde;es de Direitos Humanos e Minorias (CDHM) e de Ci&ecirc;ncia e Tecnologia, Comunica&ccedil;&atilde;o e Inform&aacute;tica (CCTCI) da C&acirc;mara dos Deputados, com a participa&ccedil;&atilde;o de diversas entidades do setor, o encontro tem o objetivo de debater um novo modelo de comunica&ccedil;&atilde;o para o pa&iacute;s e avan&ccedil;ar na organiza&ccedil;&atilde;o da proposta de uma Confer&ecirc;ncia Nacional de Comunica&ccedil;&atilde;o. <\/p>\n<p>A conjuntura n&atilde;o poderia ser mais favor&aacute;vel. Neste momento, o Congresso Nacional debate novas leis para o setor. Em poucos meses, o governo federal apresentar&aacute; sua proposta de implementa&ccedil;&atilde;o de uma nova rede p&uacute;blica de televis&atilde;o. Antes do final do ano, a TV Digital estar&aacute; dispon&iacute;vel aos telespectadores. A cada dia, a converg&ecirc;ncia de m&iacute;dias cria novas formas de emiss&atilde;o e recep&ccedil;&atilde;o de mensagens. S&atilde;o mudan&ccedil;as significativas que precisam, na avalia&ccedil;&atilde;o da organiza&ccedil;&atilde;o do encontro, ser debatidas e constru&iacute;das com ampla participa&ccedil;&atilde;o popular. <\/p>\n<p>&ldquo;Um novo modelo de comunica&ccedil;&atilde;o &eacute; condi&ccedil;&atilde;o para avan&ccedil;armos rumo &agrave; democracia. Assim como em outros setores, temos que ampliar a participa&ccedil;&atilde;o popular nas decis&otilde;es sobre a comunica&ccedil;&atilde;o. A converg&ecirc;ncia tecnol&oacute;gica pode aumentar a concentra&ccedil;&atilde;o de m&iacute;dia que j&aacute; existe no Brasil. Ent&atilde;o &eacute; o momento de a sociedade reivindicar o seu espa&ccedil;o. Isso &eacute; condi&ccedil;&atilde;o para a defesa dos direitos humanos&rdquo;, afirmou o deputado Luiz Couto (PT-PB), presidente da CDHM, durante a videoconfer&ecirc;ncia nacional realizada na semana passada para discutir o encontro. &ldquo;Todo o debate &eacute; em fun&ccedil;&atilde;o de entender a comunica&ccedil;&atilde;o como um direito humano. &Eacute; o in&iacute;cio de um processo que deve culminar na 1a Confer&ecirc;ncia Nacional de Comunica&ccedil;&atilde;o&rdquo;, explicou. <\/p>\n<p>A realiza&ccedil;&atilde;o da videoconfer&ecirc;ncia preparat&oacute;ria para o evento deu uma boa medida do que se pode esperar do Encontro Nacional na pr&oacute;xima semana. Cerca de 250 pessoas, reunidas em 18 estados (CHECAR), trataram da mobiliza&ccedil;&atilde;o para a ida &agrave; Bras&iacute;lia e levantaram os principais temas que devem ser discutidos nos dois dias de debate. Em dois dias de inscri&ccedil;&atilde;o aberta pela comiss&atilde;o organizadora, j&aacute; foram feitas mais de 230 inscri&ccedil;&otilde;es, de diferentes campos de atua&ccedil;&atilde;o da sociedade civil.&nbsp; <\/p>\n<p>&ldquo;Tudo isso &eacute; muito positivo, porque a diferen&ccedil;a do encontro &eacute; termos a participa&ccedil;&atilde;o dos movimentos e da sociedade civil como um todo, e n&atilde;o apenas os que j&aacute; trabalham com comunica&ccedil;&atilde;o. Todas as vezes que o movimento pela democratiza&ccedil;&atilde;o da comunica&ccedil;&atilde;o partiu para a luta de forma isolada, foi derrotado, mesmo quando tinha o apoio do governo&rdquo;, avalia M&aacute;rcio Ara&uacute;jo, secret&aacute;rio da Comiss&atilde;o de Direitos Humanos e Minorias da C&acirc;mara. &ldquo;A comunica&ccedil;&atilde;o s&oacute; vai ser vista como um direito e s&oacute; conseguiremos avan&ccedil;ar na sua exigibilidade quando outros segmentos da sociedade participarem desta luta. &Eacute; isso que queremos come&ccedil;ar a construir com este encontro&rdquo;, explica Ara&uacute;jo. <\/p>\n<p><strong>Diverg&ecirc;ncia com H&eacute;lio Costa<\/p>\n<p><\/strong>Durante o processo de constru&ccedil;&atilde;o do Encontro Nacional, iniciado h&aacute; v&aacute;rios meses, o Ministro das Comunica&ccedil;&otilde;es, H&eacute;lio Costa, anunciou &agrave; imprensa a realiza&ccedil;&atilde;o de uma Confer&ecirc;ncia Nacional de Comunica&ccedil;&atilde;o para o m&ecirc;s de agosto. A declara&ccedil;&atilde;o de Costa provocou estranhamento entre as entidades, j&aacute; que a defini&ccedil;&atilde;o das bases e do tem&aacute;rio da Confer&ecirc;ncia Nacional do setor &eacute; o objetivo principal do encontro. <\/p>\n<p>Elas defendem a realiza&ccedil;&atilde;o de uma Confer&ecirc;ncia com etapas regionais, a fim de recolher contribui&ccedil;&otilde;es de todos os atores interessados em todas as regi&otilde;es do Brasil e de estabelecer um processo democr&aacute;tico de elei&ccedil;&atilde;o de delegados &ndash; modelo espelhado no adotado por dezenas de outras confer&ecirc;ncias setoriais realizadas no governo Lula. E querem a participa&ccedil;&atilde;o da sociedade civil em todas as etapas, com a realiza&ccedil;&atilde;o de processos democr&aacute;ticos de debate e garantia de ampla representa&ccedil;&atilde;o do setor na Confer&ecirc;ncia.<\/p>\n<p>Em uma carta aberta ao Ministro H&eacute;lio Costa, as entidades afirmaram a import&acirc;ncia da participa&ccedil;&atilde;o do Poder Executivo como principal promotor da Confer&ecirc;ncia. No entanto, acreditam que o prazo ex&iacute;guo de dois meses traria &ldquo;dificuldades para alcan&ccedil;ar o objetivo de ser efetivamente um f&oacute;rum democr&aacute;tico, amplo e participativo, em que sociedade civil, &oacute;rg&atilde;os de Estado, al&eacute;m de empres&aacute;rios e profissionais diretamente envolvidos, pudessem debater e propor as t&atilde;o necess&aacute;rias pol&iacute;ticas p&uacute;blicas para a comunica&ccedil;&atilde;o social brasileira&rdquo;.<\/p>\n<p>A expectativa das organiza&ccedil;&otilde;es &eacute; que os dois processos anunciados &ndash; pelo Minist&eacute;rio das Comunica&ccedil;&otilde;es (MiniCom), de um lado, e pela CDHM e CCTCI, de outro &ndash; possam convergir para um s&oacute; objetivo. O di&aacute;logo, no entanto, n&atilde;o tem se mostrado f&aacute;cil. No dia 15 de maio, as comiss&otilde;es de Direitos Humanos e de Ci&ecirc;ncia e Tecnologia enviaram ao MiniCom um convite para a participa&ccedil;&atilde;o de H&eacute;lio Costa na abertura do encontro. Desde ent&atilde;o, dezenas de telefonemas para confirmar sua presen&ccedil;a foram feitos ao Minist&eacute;rio. Todos sem sucesso. <\/p>\n<p>Um convite foi protocolado na semana passada, assinado pelos presidentes de ambas as comiss&otilde;es. Mas o Minist&eacute;rio das Comunica&ccedil;&otilde;es n&atilde;o deu retorno. A equipe do Observat&oacute;rio do Direito &agrave; Comunica&ccedil;&atilde;o tamb&eacute;m procurou a assessoria do MiniCom, mas at&eacute; o fechamento desta reportagem n&atilde;o teve resposta.<\/p>\n<p>&ldquo;Temos uma boa expectativa em rela&ccedil;&atilde;o ao encontro da pr&oacute;xima semana, mas temos um grande receio do fato de H&eacute;lio Costa ter chamado uma confer&ecirc;ncia nos moldes diferentes do que acreditamos como ideal&rdquo;, explica Danillo Ferreira dos Santos, integrante da comiss&atilde;o gestora da Enecos (Executiva Nacional dos Estudantes de Comunica&ccedil;&atilde;o Social), uma das entidades que participa da organiza&ccedil;&atilde;o do encontro. &ldquo;A realiza&ccedil;&atilde;o de uma confer&ecirc;ncia constru&iacute;da de forma mais ampla, com etapas municipais e estaduais at&eacute; se chegar &agrave; nacional &eacute; nosso grande objetivo. Esta ser&aacute; a quest&atilde;o que defenderemos com mais garra no Encontro Nacional&rdquo;, garante. <\/p>\n<p><span>O encontro acontece nos dias 21 e 22 de junho, no audit&oacute;rio Nereu Ramos da C&acirc;mara dos Deputados. Est&atilde;o confirmadas a participa&ccedil;&atilde;o dos ministros Franklin Martins, da Comunica&ccedil;&atilde;o Social, e Paulo Vanucchi, dos Direitos Humanos, e da Procuradoria Geral da Rep&uacute;blica. A programa&ccedil;&atilde;o completa e o formul&aacute;rio para inscri&ccedil;&otilde;es est&atilde;o dispon&iacute;veis na p&aacute;gina <a href=\"http:\/\/www.camara.gov.br\/\">www.camara.gov.br<\/a>.<br \/><\/span><\/p>\n<p><img loading=\"lazy\" decoding=\"async\" src=\"images\/stories\/politica_publicacoes\/c_invertido_pq.png\" alt=\"Active Image\" width=\"15\" height=\"15\" \/>&nbsp;autorizada a reprodu&ccedil;&atilde;o, desde que citada a fonte original.<\/p>\n","protected":false},"excerpt":{"rendered":"<p>Nos dias 21 e 22 de junho, organiza\u00e7\u00f5es da sociedade civil, movimentos sociais, pesquisadores e parlamentares se re\u00fanem em Bras\u00edlia para discutir um novo modelo para as comunica\u00e7\u00f5es no Brasil. Objetivo \u00e9 construir Confer\u00eancia Nacional de forma participativa.<\/p>\n","protected":false},"author":1,"featured_media":0,"comment_status":"open","ping_status":"open","sticky":false,"template":"","format":"standard","meta":{"footnotes":""},"categories":[40],"tags":[137],"_links":{"self":[{"href":"https:\/\/obscom.intervozes.org.br\/index.php?rest_route=\/wp\/v2\/posts\/18524"}],"collection":[{"href":"https:\/\/obscom.intervozes.org.br\/index.php?rest_route=\/wp\/v2\/posts"}],"about":[{"href":"https:\/\/obscom.intervozes.org.br\/index.php?rest_route=\/wp\/v2\/types\/post"}],"author":[{"embeddable":true,"href":"https:\/\/obscom.intervozes.org.br\/index.php?rest_route=\/wp\/v2\/users\/1"}],"replies":[{"embeddable":true,"href":"https:\/\/obscom.intervozes.org.br\/index.php?rest_route=%2Fwp%2Fv2%2Fcomments&post=18524"}],"version-history":[{"count":0,"href":"https:\/\/obscom.intervozes.org.br\/index.php?rest_route=\/wp\/v2\/posts\/18524\/revisions"}],"wp:attachment":[{"href":"https:\/\/obscom.intervozes.org.br\/index.php?rest_route=%2Fwp%2Fv2%2Fmedia&parent=18524"}],"wp:term":[{"taxonomy":"category","embeddable":true,"href":"https:\/\/obscom.intervozes.org.br\/index.php?rest_route=%2Fwp%2Fv2%2Fcategories&post=18524"},{"taxonomy":"post_tag","embeddable":true,"href":"https:\/\/obscom.intervozes.org.br\/index.php?rest_route=%2Fwp%2Fv2%2Ftags&post=18524"}],"curies":[{"name":"wp","href":"https:\/\/api.w.org\/{rel}","templated":true}]}}