{"id":18519,"date":"2007-06-14T15:38:56","date_gmt":"2007-06-14T15:38:56","guid":{"rendered":"https:\/\/obscom.intervozes.org.br\/wordpress\/?p=18519"},"modified":"2007-06-14T15:38:56","modified_gmt":"2007-06-14T15:38:56","slug":"jornalistas-acham-que-lula-respeita-mais-a-imprensa-que-fhc","status":"publish","type":"post","link":"https:\/\/obscom.intervozes.org.br\/?p=18519","title":{"rendered":"Jornalistas acham que Lula respeita mais a imprensa que FHC"},"content":{"rendered":"<p>Qual a opini&atilde;o dos formadores de opini&atilde;o sobre a liberdade de imprensa no Brasil? Esse foi o fio condutor da mais ampla pesquisa sobre o tema j&aacute; produzida no pa&iacute;s. Encomendada pela revista IMPRENSA, mailing Maxpress e a Aberje (Associa&ccedil;&atilde;o Brasileira de Comunica&ccedil;&atilde;o Empresarial), a pesquisa foi realizadapelo Instituto Franceschini de An&aacute;lise de Mercado, que ouviu 400 jornalistas de reda&ccedil;&otilde;es espalhadas por todo territ&oacute;rio nacional.&nbsp; <\/p>\n<p>Segundo 49% dos entrevistados, a situa&ccedil;&atilde;o da liberdade de imprensa melhorou desde que Lula chegou ao poder. Para 36%, n&atilde;o houve mudan&ccedil;a. Apenas 15% acreditam que havia mais liberdade na era FHC. &ldquo;Esse dado pode se confundir com o fato de Lula ser um ex&iacute;mio comunicador. O Fernando Henrique era um acad&ecirc;mico, n&atilde;o se comunicava bem. Apesar disso, a gest&atilde;o Lula tem sido pobre no sentido da entrevista coletiva&rdquo;, opina Gaud&ecirc;ncio Torquato, consultor pol&iacute;tico e professor da ECA-USP.&nbsp; <\/p>\n<p>Ainda segundo a pesquisa, o Brasil lidera o ranking dos pa&iacute;ses que mais respeitam o trabalho da m&iacute;dia na Am&eacute;rica Latina. Essa opini&atilde;o foi manifestada por 64% dos jornalistas entrevistados. A segunda coloca&ccedil;&atilde;o ficou com a Argentina, com 12,3%. Em contrapartida, a Venezuela foi apontada por 44,5% dos jornalistas como a na&ccedil;&atilde;o que mais desrespeita o livre exerc&iacute;cio do jornalismo. Cuba ficou em segundo lugar, com 14,5. <\/p>\n<p><strong>Entenda a pesquisa <br \/><\/strong><br \/>A pesquisa foi realizada pela Franceschini An&aacute;lises de Mercado, empresa localizada em S&atilde;o Paulo atuando em todo o territ&oacute;rio nacional h&aacute; mais de 15 anos, especializada em estudos sobre comunica&ccedil;&atilde;o e m&iacute;dias.&nbsp; <\/p>\n<p>O m&eacute;todo empregado foi quantitativo, com amostra aleat&oacute;ria, sorteando-se os jornalistas que atuam como rep&oacute;rteres, editores e chefias atrav&eacute;s de pulo sistem&aacute;tico no cadastro da Maxpress, que &eacute; considerado o mais completo data-base destes profissionais em atua&ccedil;&atilde;o no Brasil. <\/p>\n<p>Foram realizadas 400 entrevistas em todo o Brasil propiciando uma margem de erro de 5% (para mais ou menos) para os resultados totais. As entrevistas foram realizadas por telefone entre os dias 19 a 21 de mar&ccedil;o junto a jornalistas de todo o Brasil. <\/p>\n<p>A coleta de dados foi realizada por uma equipe composta por doze entrevistadores e um supervisor direto. Os trabalhos de campo foram coordenados por um gerente de campo e por um gerente de projeto. <\/p>\n<p>O intervalo de confian&ccedil;a utilizada na pesquisa foi de 95,5%, o que significa que, caso fossem realizadas pesquisas com 100 amostras com o mesmo rigor t&eacute;cnico, em 95,5% delas o padr&atilde;o de respostas seria o mesmo. <\/p>\n<p><img loading=\"lazy\" decoding=\"async\" src=\"images\/stories\/politica_publicacoes\/c_normal_pq.png\" alt=\"Active Image\" width=\"15\" height=\"15\" \/>&nbsp;publica&ccedil;&atilde;o autorizada.<\/p>\n","protected":false},"excerpt":{"rendered":"<p>Qual a opini\u00e3o dos formadores de opini\u00e3o sobre a liberdade de imprensa no Brasil? Esse foi o fio condutor da mais ampla pesquisa sobre o tema j\u00e1 produzida no pa\u00eds, que ouviu 400 jornalistas de reda\u00e7\u00f5es espalhadas por todo territ\u00f3rio nacional.   <\/p>\n","protected":false},"author":1,"featured_media":0,"comment_status":"open","ping_status":"open","sticky":false,"template":"","format":"standard","meta":{"footnotes":""},"categories":[40],"tags":[271],"_links":{"self":[{"href":"https:\/\/obscom.intervozes.org.br\/index.php?rest_route=\/wp\/v2\/posts\/18519"}],"collection":[{"href":"https:\/\/obscom.intervozes.org.br\/index.php?rest_route=\/wp\/v2\/posts"}],"about":[{"href":"https:\/\/obscom.intervozes.org.br\/index.php?rest_route=\/wp\/v2\/types\/post"}],"author":[{"embeddable":true,"href":"https:\/\/obscom.intervozes.org.br\/index.php?rest_route=\/wp\/v2\/users\/1"}],"replies":[{"embeddable":true,"href":"https:\/\/obscom.intervozes.org.br\/index.php?rest_route=%2Fwp%2Fv2%2Fcomments&post=18519"}],"version-history":[{"count":0,"href":"https:\/\/obscom.intervozes.org.br\/index.php?rest_route=\/wp\/v2\/posts\/18519\/revisions"}],"wp:attachment":[{"href":"https:\/\/obscom.intervozes.org.br\/index.php?rest_route=%2Fwp%2Fv2%2Fmedia&parent=18519"}],"wp:term":[{"taxonomy":"category","embeddable":true,"href":"https:\/\/obscom.intervozes.org.br\/index.php?rest_route=%2Fwp%2Fv2%2Fcategories&post=18519"},{"taxonomy":"post_tag","embeddable":true,"href":"https:\/\/obscom.intervozes.org.br\/index.php?rest_route=%2Fwp%2Fv2%2Ftags&post=18519"}],"curies":[{"name":"wp","href":"https:\/\/api.w.org\/{rel}","templated":true}]}}