{"id":18514,"date":"2007-06-13T14:54:38","date_gmt":"2007-06-13T14:54:38","guid":{"rendered":"https:\/\/obscom.intervozes.org.br\/wordpress\/?p=18514"},"modified":"2007-06-13T14:54:38","modified_gmt":"2007-06-13T14:54:38","slug":"globalizacao-impulsiona-agencias-regionais","status":"publish","type":"post","link":"https:\/\/obscom.intervozes.org.br\/?p=18514","title":{"rendered":"Globaliza\u00e7\u00e3o impulsiona ag\u00eancias regionais"},"content":{"rendered":"<p>Em meio &agrave; t&atilde;o propalada globaliza&ccedil;&atilde;o em diversas esferas de nossas vidas cotidianas, h&aacute; meios de comunica&ccedil;&atilde;o que est&atilde;o se voltando cada vez mais para o nosso continente. As not&iacute;cias sobre a Am&eacute;rica Latina presentes nos grandes meios de comunica&ccedil;&atilde;o s&atilde;o, diversas vezes, realizadas por ag&ecirc;ncias de not&iacute;cias internacionais que, al&eacute;m de terem seus interesses fincados em outras localidades, n&atilde;o possuem muito conhecimento sobre a realidade que envolve os pa&iacute;ses abaixo da fronteira sul dos EUA.<\/p>\n<p>A partir do processo de globaliza&ccedil;&atilde;o que vem afetando o continente, algumas pessoas e organiza&ccedil;&otilde;es n&atilde;o se sentem suficientemente representadas na m&iacute;dia. Os grandes meios de comunica&ccedil;&atilde;o brasileiros, devido a compromissos ideol&oacute;gicos e econ&ocirc;micos, divulgam mais not&iacute;cias sobre pa&iacute;ses hegem&ocirc;nicos e distantes do que a respeito de nossos vizinhos. A globaliza&ccedil;&atilde;o faz com que a popula&ccedil;&atilde;o da Am&eacute;rica Latina cultive valores e pensamentos produzidos em uma realidade distante dos nossos pa&iacute;ses.<\/p>\n<p>Um ve&iacute;culo de comunica&ccedil;&atilde;o mais alternativo e que se situa &agrave; margem dessa situa&ccedil;&atilde;o entrou no ar em 1999. Trata-se da Adital, uma ag&ecirc;ncia de not&iacute;cias voltada apenas para a Am&eacute;rica Latina e Caribe. Primeiramente, a divis&atilde;o &quot;geogr&aacute;fica&quot; entre essas regi&otilde;es, realizada pela pr&oacute;pria ag&ecirc;ncia, j&aacute; evidencia uma falta de delimita&ccedil;&atilde;o correta ou expl&iacute;cita a respeito de que pa&iacute;ses integram a Am&eacute;rica Latina. O Mar do Caribe tamb&eacute;m atinge pa&iacute;ses como Col&ocirc;mbia e Venezuela, este &uacute;ltimo sempre figurando nos notici&aacute;rios relacionado &agrave; regi&atilde;o da Am&eacute;rica Latina.<\/p>\n<p><strong>Monop&oacute;lio de informa&ccedil;&atilde;o<\/strong><\/p>\n<p>O nome &quot;Adital&quot; significa Ag&ecirc;ncia de Informa&ccedil;&atilde;o Frei Tito para a Am&eacute;rica Latina. Frei Tito suicidou-se na Fran&ccedil;a, em 1974, pa&iacute;s onde buscara asilo,v&iacute;tima da ditadura militar. A sede da ag&ecirc;ncia &eacute; em Fortaleza (CE) e ela j&aacute; ganhou pr&ecirc;mios, como em 2005, quando foi selecionada pela Unesco &ndash; Organiza&ccedil;&atilde;o das Na&ccedil;&otilde;es Unidas para a Educa&ccedil;&atilde;o, a Ci&ecirc;ncia e a Cultura &ndash; como uma das tr&ecirc;s melhores ag&ecirc;ncias de not&iacute;cias entre as 20 melhores iniciativas de comunica&ccedil;&atilde;o da regi&atilde;o.<\/p>\n<p>Iniciativas como esta s&oacute; existem porque h&aacute; uma demanda por not&iacute;cias mais relacionadas &agrave; nossa regi&atilde;o, algo que a globaliza&ccedil;&atilde;o acabou deixando de lado. Essa integra&ccedil;&atilde;o ideol&oacute;gica e cultural, tamb&eacute;m produzida atrav&eacute;s do conte&uacute;do da ag&ecirc;ncia, n&atilde;o deixa de ser uma vertente da globaliza&ccedil;&atilde;o em um &acirc;mbito de impacto mais regional.<\/p>\n<p>Ag&ecirc;ncias como a Adital tamb&eacute;m quebram o monop&oacute;lio de informa&ccedil;&atilde;o presente nos ve&iacute;culos de comunica&ccedil;&atilde;o, caracter&iacute;stica que se espalhou pelo continente. O Brasil, com a Rede Globo, &eacute; um exemplo claro, assim como a Televisa e a TV Azteca, no M&eacute;xico. Mesmo que seja transmitida mais de uma vers&atilde;o sobre o mesmo assunto, &eacute; evidente o posicionamento ideol&oacute;gico das grandes redes interessadas na manuten&ccedil;&atilde;o de seus poderes sobre a sociedade.<\/p>\n<p><strong>&quot;Esquerda&quot; e &quot;direita&quot;<\/strong><\/p>\n<p>Soci&oacute;logos, te&oacute;logos, professores universit&aacute;rios e jornalistas s&atilde;o alguns dos profissionais que integram a equipe da ag&ecirc;ncia. Ela tamb&eacute;m recebe not&iacute;cias de ONGs, organiza&ccedil;&otilde;es populares, centros universit&aacute;rios e igrejas. Al&eacute;m disso, o site possui uma coluna fixa com canais espec&iacute;ficos que abordam temas que n&atilde;o figuram diariamente nos demais ve&iacute;culos, como direitos humanos, meio ambiente, m&iacute;dia, quest&atilde;o agr&aacute;ria e movimentos sociais.<\/p>\n<p>Pelo fato de publicar em seus artigos opini&otilde;es opostas &agrave;s da grande m&iacute;dia, o site pode ser tachado como sendo &quot;de esquerda&quot;, por&eacute;m por que n&atilde;o aceitar, ou pelo menos conviver, com opini&otilde;es de correntes ideol&oacute;gicas que n&atilde;o sejam as propagadas pelos EUA? Se vivemos em uma democracia, pelo menos na teoria, &eacute; natural que existam m&iacute;dias mais &quot;de esquerda&quot; e outras mais alinhadas &quot;&agrave; direita&quot;, apesar das muta&ccedil;&otilde;es que esses conceitos sofreram com o decorrer do tempo.<\/p>\n<p><strong>Pensamentos divergentes<\/strong><\/p>\n<p>A globaliza&ccedil;&atilde;o em curso no planeta promove verdades &uacute;nicas e contribui para a uniformiza&ccedil;&atilde;o do pensamento, a ponto de se considerar estranho algu&eacute;m concordar com o fechamento da RCTV na Venezuela. O hist&oacute;rico que rege decis&otilde;es como esta &eacute; abolido, em parte, por interesses que colocam o dom&iacute;nio de outras grandes empresas em jogo e, por outro lado, pela &acirc;nsia de absorver mais e mais informa&ccedil;&otilde;es dispon&iacute;veis de diversas localidades do planeta.<\/p>\n<p>Ve&iacute;culos como a Adital representam um avan&ccedil;o em certos aspectos. A vida e a realidade de nossos vizinhos podem nos influenciar diretamente, algo que a globaliza&ccedil;&atilde;o acaba encobrindo. Prova disso &eacute; a recente onda de nacionaliza&ccedil;&otilde;es realizada por Evo Morales na Bol&iacute;via e, h&aacute; alguns anos, a orquestra&ccedil;&atilde;o de golpes de Estado com a implanta&ccedil;&atilde;o de ditaduras para combater um &quot;perigo vermelho&quot; que rondaria a regi&atilde;o. Al&eacute;m disso, &eacute; muito dif&iacute;cil encontrar opini&otilde;es divergentes nos grandes ve&iacute;culos de comunica&ccedil;&atilde;o. Mesmo com formas diferentes, o conte&uacute;do expresso em not&iacute;cias ou artigos &eacute; bastante semelhante.<\/p>\n<p>Que opini&atilde;o estar&aacute; mais correta? A de uma ag&ecirc;ncia que ainda n&atilde;o &eacute; t&atilde;o conhecida ou aquela divulgada por uma grande rede de televis&atilde;o ou de jornal? Isso, cada pessoa &eacute; que vai decidir e formular uma vis&atilde;o a respeito de determinado assunto, levando em conta as vari&aacute;veis que julgar necess&aacute;rio. Entretanto, para isso ocorrer, &eacute; fundamental entrar em contato com pensamentos divergentes, algo que a globaliza&ccedil;&atilde;o que figura na grande m&iacute;dia n&atilde;o proporcionou &agrave; Am&eacute;rica Latina.<\/p>\n<p>&nbsp;<img loading=\"lazy\" decoding=\"async\" src=\"images\/stories\/politica_publicacoes\/c_invertido_pq.png\" alt=\"Active Image\" width=\"15\" height=\"15\" \/>&nbsp;reprodu&ccedil;&atilde;o autorizada, desde que citada a fonte original.<\/p>\n<p>&nbsp;<\/p>\n","protected":false},"excerpt":{"rendered":"<p>Em meio &agrave; t&atilde;o propalada globaliza&ccedil;&atilde;o em diversas esferas de nossas vidas cotidianas, h&aacute; meios de comunica&ccedil;&atilde;o que est&atilde;o se voltando cada vez mais para o nosso continente. As not&iacute;cias sobre a Am&eacute;rica Latina presentes nos grandes meios de comunica&ccedil;&atilde;o s&atilde;o, diversas vezes, realizadas por ag&ecirc;ncias de not&iacute;cias internacionais que, al&eacute;m de terem seus interesses &hellip; <a href=\"https:\/\/obscom.intervozes.org.br\/?p=18514\" class=\"more-link\">Continue lendo <span class=\"screen-reader-text\">Globaliza\u00e7\u00e3o impulsiona ag\u00eancias regionais<\/span> <span class=\"meta-nav\">&rarr;<\/span><\/a><\/p>\n","protected":false},"author":1,"featured_media":0,"comment_status":"open","ping_status":"open","sticky":false,"template":"","format":"standard","meta":{"footnotes":""},"categories":[40],"tags":[280],"_links":{"self":[{"href":"https:\/\/obscom.intervozes.org.br\/index.php?rest_route=\/wp\/v2\/posts\/18514"}],"collection":[{"href":"https:\/\/obscom.intervozes.org.br\/index.php?rest_route=\/wp\/v2\/posts"}],"about":[{"href":"https:\/\/obscom.intervozes.org.br\/index.php?rest_route=\/wp\/v2\/types\/post"}],"author":[{"embeddable":true,"href":"https:\/\/obscom.intervozes.org.br\/index.php?rest_route=\/wp\/v2\/users\/1"}],"replies":[{"embeddable":true,"href":"https:\/\/obscom.intervozes.org.br\/index.php?rest_route=%2Fwp%2Fv2%2Fcomments&post=18514"}],"version-history":[{"count":0,"href":"https:\/\/obscom.intervozes.org.br\/index.php?rest_route=\/wp\/v2\/posts\/18514\/revisions"}],"wp:attachment":[{"href":"https:\/\/obscom.intervozes.org.br\/index.php?rest_route=%2Fwp%2Fv2%2Fmedia&parent=18514"}],"wp:term":[{"taxonomy":"category","embeddable":true,"href":"https:\/\/obscom.intervozes.org.br\/index.php?rest_route=%2Fwp%2Fv2%2Fcategories&post=18514"},{"taxonomy":"post_tag","embeddable":true,"href":"https:\/\/obscom.intervozes.org.br\/index.php?rest_route=%2Fwp%2Fv2%2Ftags&post=18514"}],"curies":[{"name":"wp","href":"https:\/\/api.w.org\/{rel}","templated":true}]}}