{"id":18508,"date":"2007-06-12T18:11:17","date_gmt":"2007-06-12T18:11:17","guid":{"rendered":"https:\/\/obscom.intervozes.org.br\/wordpress\/?p=18508"},"modified":"2007-06-12T18:11:17","modified_gmt":"2007-06-12T18:11:17","slug":"justica-proibe-autorizacao-de-tvs-educativas-sem-licitacao","status":"publish","type":"post","link":"https:\/\/obscom.intervozes.org.br\/?p=18508","title":{"rendered":"Justi\u00e7a pro\u00edbe autoriza\u00e7\u00e3o de TVs educativas sem licita\u00e7\u00e3o"},"content":{"rendered":"<p>A Uni&atilde;o est&aacute; proibida de expedir ou renovar concess&otilde;es de TVs educativas sem licita&ccedil;&atilde;o pr&eacute;via. A determina&ccedil;&atilde;o &eacute; da 2&ordf; Vara da Justi&ccedil;a Federal em Goi&aacute;s. As a&ccedil;&otilde;es foram propostas pelo Minist&eacute;rio P&uacute;blico Federal no Distrito Federal e em Goi&aacute;s. A Uni&atilde;o j&aacute; recorreu da decis&atilde;o ao Tribunal Regional Federal da 1&ordf; Regi&atilde;o. <\/p>\n<p>A Justi&ccedil;a acolheu os argumentos do MPF. Para o MPF, a concess&atilde;o de canal educativo &eacute; esp&eacute;cie do g&ecirc;nero da radiodifus&atilde;o de sons e imagens, servi&ccedil;o p&uacute;blico explorado pela Uni&atilde;o, que precisa de autoriza&ccedil;&atilde;o, concess&atilde;o ou permiss&atilde;o, de acordo com oartigo 175 da Constitui&ccedil;&atilde;o Federal. <\/p>\n<p>Os procuradores da Rep&uacute;blica Bruno Acioli e Luciano Rolim sustentaram que a aus&ecirc;ncia de licita&ccedil;&atilde;o fere os princ&iacute;pios da administra&ccedil;&atilde;o p&uacute;blica, como a supremacia do interesse p&uacute;blico, a legalidade, a impessoalidade e a moralidade. Al&eacute;m disso, &eacute; preciso assegurar aos interessados iguais oportunidades para demonstra&ccedil;&atilde;o de suas aptid&otilde;es. <\/p>\n<p>&ldquo;Do contr&aacute;rio, transformar-se-&aacute; a concess&atilde;o de uma TV Educativa em infame instrumento de barganha pol&iacute;tica e concess&atilde;o de privil&eacute;gios esp&uacute;rios, com enorme preju&iacute;zo ao nobre interesse p&uacute;blico que inspirou sua previs&atilde;o&rdquo;, afirmaram os procuradores na a&ccedil;&atilde;o. <\/p>\n<p>Origem da a&ccedil;&atilde;o Em 2003, a concess&atilde;o de canal educativo &agrave; Funda&ccedil;&atilde;o Minist&eacute;rio Comunidade Crist&atilde;, em Goi&acirc;nia, foi suspensa depois de uma a&ccedil;&atilde;o do Minist&eacute;rio P&uacute;blico Federal. O canal era disputadopor v&aacute;rias institui&ccedil;&otilde;es &ndash; entre elas, a Universidade Federal de Goi&aacute;s, mas foi entregue &agrave; entidade religiosa sem qualquer procedimento licitat&oacute;rio. <\/p>\n<p>Em 2005, a Procuradoria da Rep&uacute;blica no Distrito Federal prop&ocirc;s nova a&ccedil;&atilde;o. Desta vez, para ampliar os efeitos da decis&atilde;o paratodo o territ&oacute;rio nacional. O pedido foi aceito pela 2&ordf; Vara Justi&ccedil;a Federal em Goi&aacute;s, que determinou &agrave; Uni&atilde;o que se abstenha de outorgar, renovar e aprovar as concess&otilde;es, permiss&otilde;es e autoriza&ccedil;&otilde;es de servi&ccedil;os de radiodifus&atilde;o de sons e imagens com fins exclusivamente educativos, sem a realiza&ccedil;&atilde;o de procedimento licitat&oacute;rio. <\/p>\n","protected":false},"excerpt":{"rendered":"<p>A Uni\u00e3o est\u00e1 proibida de expedir ou renovar concess\u00f5es de TVs educativas sem licita\u00e7\u00e3o pr\u00e9via. A determina\u00e7\u00e3o \u00e9 da 2\u00aa Vara da Justi\u00e7a Federal em Goi\u00e1s. As a\u00e7\u00f5es foram propostas pelo Minist\u00e9rio P\u00fablico Federal no Distrito Federal e em Goi\u00e1s.<\/p>\n","protected":false},"author":1,"featured_media":0,"comment_status":"open","ping_status":"open","sticky":false,"template":"","format":"standard","meta":{"footnotes":""},"categories":[40],"tags":[106],"_links":{"self":[{"href":"https:\/\/obscom.intervozes.org.br\/index.php?rest_route=\/wp\/v2\/posts\/18508"}],"collection":[{"href":"https:\/\/obscom.intervozes.org.br\/index.php?rest_route=\/wp\/v2\/posts"}],"about":[{"href":"https:\/\/obscom.intervozes.org.br\/index.php?rest_route=\/wp\/v2\/types\/post"}],"author":[{"embeddable":true,"href":"https:\/\/obscom.intervozes.org.br\/index.php?rest_route=\/wp\/v2\/users\/1"}],"replies":[{"embeddable":true,"href":"https:\/\/obscom.intervozes.org.br\/index.php?rest_route=%2Fwp%2Fv2%2Fcomments&post=18508"}],"version-history":[{"count":0,"href":"https:\/\/obscom.intervozes.org.br\/index.php?rest_route=\/wp\/v2\/posts\/18508\/revisions"}],"wp:attachment":[{"href":"https:\/\/obscom.intervozes.org.br\/index.php?rest_route=%2Fwp%2Fv2%2Fmedia&parent=18508"}],"wp:term":[{"taxonomy":"category","embeddable":true,"href":"https:\/\/obscom.intervozes.org.br\/index.php?rest_route=%2Fwp%2Fv2%2Fcategories&post=18508"},{"taxonomy":"post_tag","embeddable":true,"href":"https:\/\/obscom.intervozes.org.br\/index.php?rest_route=%2Fwp%2Fv2%2Ftags&post=18508"}],"curies":[{"name":"wp","href":"https:\/\/api.w.org\/{rel}","templated":true}]}}