{"id":18506,"date":"2007-06-12T13:20:32","date_gmt":"2007-06-12T13:20:32","guid":{"rendered":"https:\/\/obscom.intervozes.org.br\/wordpress\/?p=18506"},"modified":"2007-06-12T13:20:32","modified_gmt":"2007-06-12T13:20:32","slug":"participacao-pela-internet","status":"publish","type":"post","link":"https:\/\/obscom.intervozes.org.br\/?p=18506","title":{"rendered":"Participa\u00e7\u00e3o pela Internet"},"content":{"rendered":"<p><span>Como um novo canal de di&aacute;logo entre Governo e cidad&atilde;os, a Rede Mundial de Computadores permite um novo exerc&iacute;cio da cidadania. No Minist&eacute;rio da Cultura, a Internet vem possibilitando a comunica&ccedil;&atilde;o interativa com o cidad&atilde;o, al&eacute;m de abrir espa&ccedil;o para a coopera&ccedil;&atilde;o e a express&atilde;o de atores sociais nas a&ccedil;&otilde;es da institui&ccedil;&atilde;o. &quot;O cidad&atilde;o deixa de ser apenas espectador e passa a ser participante ativo&quot;, afirma Jos&eacute; Murilo J&uacute;nior, gerente de Informa&ccedil;&otilde;es Estrat&eacute;gicas do MinC. <\/span><span>&nbsp;<\/p>\n<p><\/span><span>Na entrevista abaixo, Jos&eacute; Murilo explica como os f&oacute;runs virtuais e debates online, em tempo real, fomentados pelo MinC t&ecirc;m assegurado a participa&ccedil;&atilde;o de cidad&atilde;os e adianta como ser&atilde;o organizadas as oficinas que antecedem o Semin&aacute;rio Internacional sobre Diversidade Cultural &ndash; a ser realizado nos dias 27 a 29 de junho, pelo Minist&eacute;rio da Cultura e a Organiza&ccedil;&atilde;o dos Estados Americanos (OEA).<\/span><span>&nbsp;<\/p>\n<p><\/span><span>Os interessados nos temas j&aacute; podem discutir os textos preparados pelos curadores das oficinas por meio do F&oacute;rum Virtual. Os leitores t&ecirc;m a possibilidade de fazer coment&aacute;rios e provoca&ccedil;&otilde;es em um blog, que ser&aacute; constantemente atualizado por um moderador. As oficinas v&atilde;o mapear, ouvir e conectar especialistas e atores sociais para discutir os temas, induzir uma rede aut&ocirc;noma e contribuir para a prepara&ccedil;&atilde;o do Semin&aacute;rio.<\/span><span>&nbsp;<\/p>\n<p><\/span><strong><span>O MinC vem experimentando novas formas de promover, por meio da Internet, uma maior participa&ccedil;&atilde;o do p&uacute;blico em suas a&ccedil;&otilde;es. Como isso vem acontecendo?<\/span><span>&nbsp;<br \/><\/span><\/strong><span>Murilo &#8211; Come&ccedil;ou ainda em 2004, quando montamos a interface do 1&ordm; Concurso de Id&eacute;ias Originais e Demos de Jogos Eletr&ocirc;nicos. A id&eacute;ia do ministro Gilberto Gil foi promover a cria&ccedil;&atilde;o de games baseados em id&eacute;ias originais de jovens brasileiros. Para isso, criamos uma interface que convidava os participantes a abrirem suas cria&ccedil;&otilde;es &agrave; colabora&ccedil;&atilde;o de outros, fomentando um processo de facilita&ccedil;&atilde;o para o surgimento de narrativas emergentes e propondo um exerc&iacute;cio para utiliza&ccedil;&atilde;o dos ent&atilde;o rec&eacute;m-criados conceitos de licenciamento Creative Commons.<\/span><span>&nbsp;<\/span><span>Em 2005, o Semin&aacute;rio sobre Ind&uacute;strias Criativas e o Programa Cultura e Pensamento incorporaram as id&eacute;ias de utiliza&ccedil;&atilde;o da Web para alargar o alcance dos debates em que reuniu pensadores da cultura em torno de temas contempor&acirc;neos. Em 2006, al&eacute;m da re-edi&ccedil;&atilde;o do Cultura e Pensamento, v&aacute;rios eventos como o Semin&aacute;rio sobre M&iacute;dia e sobre Capitalismo Cognitivo tamb&eacute;m estiveram dispon&iacute;veis em transmiss&atilde;o ao vivo pela Internet. Na sequ&ecirc;ncia, j&aacute; em 2007, o F&oacute;rum de TVs P&uacute;blicas foi contagiado pela utiliza&ccedil;&atilde;o da Web como efetivo instrumento para o acompanhamento remoto e para o debate online em tempo real.<\/span><span>&nbsp;<\/p>\n<p><\/span><span><strong>Quais os resultados obtidos at&eacute; agora?<\/strong><\/span><span>&nbsp;<br \/><\/span><span>A Webcast, publica&ccedil;&atilde;o de conte&uacute;do em &aacute;udio e v&iacute;deo, e a disponibiliza&ccedil;&atilde;o de f&oacute;rum para abrigar os debates s&atilde;o v&aacute;lidas por propiciarem um eficiente modelo de documenta&ccedil;&atilde;o multim&iacute;dia dos eventos, o que certamente vem multiplicando o efeito de tais reflex&otilde;es na rede.&nbsp;<\/span><span>O que viemos perceber agora com a realiza&ccedil;&atilde;o do F&oacute;rum de TVs P&uacute;blicas &eacute; a import&acirc;ncia fundamental de se mobilizar efetivamente o p&uacute;blico interessado no debate por meio da aglutina&ccedil;&atilde;o abrangente de representa&ccedil;&otilde;es leg&iacute;timas dos setores da sociedade pertinentes ao tema, e ao mesmo tempo facilitar a utiliza&ccedil;&atilde;o das ferramentas de interatividade online por parte deste p&uacute;blico. <\/span><span>&nbsp;<\/span><span>O I F&oacute;rum Nacional de TVs P&uacute;blicas foi a experi&ecirc;ncia mais recente de interatividade que o MinC realizou [entre os dias 8 e 11 de maio deste ano]. Foram oferecidos no site do minist&eacute;rio um espa&ccedil;o para a Participa&ccedil;&atilde;o Remota. Os internautas podiam criar blogs para publicar seus coment&aacute;rios, artigos e outras contribui&ccedil;&otilde;es para o F&oacute;rum, ou ent&atilde;o acompanhar os debates ao vivo pela Internet, sendo poss&iacute;vel enviar perguntas para as mesas do evento. Outro servi&ccedil;o que foi disponibilizado foi o F&oacute;rum de Discuss&atilde;o, composto por &quot;salas&quot; relacionadas aos temas discutidos no evento.<\/span><span>&nbsp;<\/span><span>As participa&ccedil;&otilde;es via Internet multiplicam o grau de representatividade do evento, possibilitando aos agentes do processo de implementa&ccedil;&atilde;o da TV P&uacute;blica conhecer e levar em conta o que os setores interessados esperam dela, cooperando ent&atilde;o para a defini&ccedil;&atilde;o sobre a gest&atilde;o, a programa&ccedil;&atilde;o e a fiscaliza&ccedil;&atilde;o dessa TV, al&eacute;m de firmar o compromisso que ela deve ter com a sociedade. O resultado de toda discuss&atilde;o foi apresentado na Carta de Bras&iacute;lia, lida no encerramento do F&oacute;rum.&nbsp;<\/span><span>&nbsp;<\/p>\n<p><\/span><strong><span>Com a experi&ecirc;ncia adquirida, o que o MinC est&aacute; propondo em termos de participa&ccedil;&atilde;o online para os pr&oacute;ximos eventos?<\/span><span>&nbsp;<br \/><\/span><\/strong><span>Para o Semin&aacute;rio Internacional sobre Diversidade Cultural estamos propondo a realiza&ccedil;&atilde;o de oficinas tem&aacute;ticas online, as quais est&atilde;o tomando o formato de blogs a serem lan&ccedil;ados antecedendo o evento presencial. A id&eacute;ia &eacute; que tais oficinas &#8211; que contam com um curador especialista para orientar o debate, e um &#39;blogueiro&#39; para pilotar o blog e facilitar a experi&ecirc;ncia de interatividade do p&uacute;blico interessado &#8211; antecipem a mobiliza&ccedil;&atilde;o dos atores pertinentes aos temas que ser&atilde;o debatidos no Semin&aacute;rio, tratando de aquecer o debate. A oficina do tema Cultura Digital est&aacute; a &#39;pleno vapor&#39;. As outras tr&ecirc;s oficinas s&atilde;o: Conhecimentos Tradicionais; Economia da Cultura; e Propriedade Intelectual.<\/span><span>&nbsp;<\/span><span>Acreditamos que os &#39;oficineiros&#39;, inclu&iacute;dos a&iacute; todos os que se sentiram de alguma forma atra&iacute;dos pelo tema e se engajaram no debate na rede, passam a ter um papel fundamental na oxigena&ccedil;&atilde;o do evento presencial. Trata-se de uma varia&ccedil;&atilde;o do formato de &#39;desconfer&ecirc;ncia&#39; (unconference), que parte da premissa de que na audi&ecirc;ncia podem &#8211; e devem &#8211; existir pessoas mais interessantes para a qualidade do debate do que a suposta autoridade do conferencista. O sucesso de tal iniciativa pode transformar o evento presencial em mera etapa de um processo que ganha ent&atilde;o impulso pr&oacute;prio. Mas isso &eacute; apenas o nosso desejo. No momento, resta-nos trabalhar pelo sucesso do projeto.<\/span><span>&nbsp;<\/p>\n<p><\/span><strong><span>De que forma esta estrat&eacute;gia se relaciona com o conceito de Cultura Digital, difundido pelo MinC?<\/span><span>&nbsp;<br \/><\/span><\/strong><span>Murilo &#8211; O ministro Gil costuma falar desse novo contexto, no qual a converg&ecirc;ncia tecnol&oacute;gica torna-se fato cultural, onde capacitar e instrumentalizar a sociedade para o uso das tecnologias digitais livres &eacute; fundamental para a realiza&ccedil;&atilde;o plena da cidadania. Os Pontos de Cultura v&ecirc;m cumprindo esse objetivo ao propor modelos efetivos de apropria&ccedil;&atilde;o comunit&aacute;ria de conte&uacute;dos e dispositivos digitais, ao mesmo tempo em que promove a autonomia dos criadores e a auto-gest&atilde;o pol&iacute;tica de seus processos. <\/span><span>Mas a Cultura Digital &eacute; tamb&eacute;m a possibilidade de se eliminar a exclus&atilde;o ao acesso p&uacute;blico &agrave; informa&ccedil;&atilde;o, &agrave; tecnologia, e &agrave; possibilidade de livre express&atilde;o. Estamos falando de uma verdadeira revolu&ccedil;&atilde;o. O debate sobre estas novas realidades deve ter lugar no ambiente governamental, e tamb&eacute;m na sociedade. A Cultura Digital prospera na constru&ccedil;&atilde;o destas in&uacute;meras novas interconex&otilde;es. Temos trabalhado no desenvolvimento de procedimentos e aplica&ccedil;&otilde;es que possam constituir ferramentas efetivas de alargamento do alcance e de facilita&ccedil;&atilde;o do livre fluxo da comunica&ccedil;&atilde;o neste debate, no qual todos n&oacute;s somos potenciais interlocutores. <\/span>Nisto estamos trabalhando.<\/p>\n<p><img loading=\"lazy\" decoding=\"async\" src=\"images\/stories\/politica_publicacoes\/cc_pq.png\" alt=\"Active Image\" width=\"15\" height=\"15\" \/><\/p>\n","protected":false},"excerpt":{"rendered":"<p>Diretor do MinC apresenta as novas formas de participa\u00e7\u00e3o por meio de f\u00f3runs virtuais e debates online.<\/p>\n","protected":false},"author":1,"featured_media":0,"comment_status":"open","ping_status":"open","sticky":false,"template":"","format":"standard","meta":{"footnotes":""},"categories":[43],"tags":[277,278],"_links":{"self":[{"href":"https:\/\/obscom.intervozes.org.br\/index.php?rest_route=\/wp\/v2\/posts\/18506"}],"collection":[{"href":"https:\/\/obscom.intervozes.org.br\/index.php?rest_route=\/wp\/v2\/posts"}],"about":[{"href":"https:\/\/obscom.intervozes.org.br\/index.php?rest_route=\/wp\/v2\/types\/post"}],"author":[{"embeddable":true,"href":"https:\/\/obscom.intervozes.org.br\/index.php?rest_route=\/wp\/v2\/users\/1"}],"replies":[{"embeddable":true,"href":"https:\/\/obscom.intervozes.org.br\/index.php?rest_route=%2Fwp%2Fv2%2Fcomments&post=18506"}],"version-history":[{"count":0,"href":"https:\/\/obscom.intervozes.org.br\/index.php?rest_route=\/wp\/v2\/posts\/18506\/revisions"}],"wp:attachment":[{"href":"https:\/\/obscom.intervozes.org.br\/index.php?rest_route=%2Fwp%2Fv2%2Fmedia&parent=18506"}],"wp:term":[{"taxonomy":"category","embeddable":true,"href":"https:\/\/obscom.intervozes.org.br\/index.php?rest_route=%2Fwp%2Fv2%2Fcategories&post=18506"},{"taxonomy":"post_tag","embeddable":true,"href":"https:\/\/obscom.intervozes.org.br\/index.php?rest_route=%2Fwp%2Fv2%2Ftags&post=18506"}],"curies":[{"name":"wp","href":"https:\/\/api.w.org\/{rel}","templated":true}]}}