{"id":18496,"date":"2007-06-06T17:52:34","date_gmt":"2007-06-06T17:52:34","guid":{"rendered":"https:\/\/obscom.intervozes.org.br\/wordpress\/?p=18496"},"modified":"2007-06-06T17:52:34","modified_gmt":"2007-06-06T17:52:34","slug":"escola-de-comunicacoes-e-artes-da-usp-aprova-licenciatura-em-educomunicacao","status":"publish","type":"post","link":"https:\/\/obscom.intervozes.org.br\/?p=18496","title":{"rendered":"Escola de Comunica\u00e7\u00f5es e Artes da USP aprova Licenciatura em Educomunica\u00e7\u00e3o"},"content":{"rendered":"<p>A Congrega&ccedil;&atilde;o da Escola de Comunica&ccedil;&otilde;es e Artes da Universidade de S&atilde;o Paulo aprovou, no dia 30 de maio, pela unanimidade dos representantes dos funcion&aacute;rios e professores, a primeira Licenciatura em Educomunica&ccedil;&atilde;o do pa&iacute;s. O projeto segue, agora, para a Reitoria para ser examinado pelas comiss&otilde;es da Pr&oacute;-Reitoria da USP at&eacute; ser levado &agrave; aprecia&ccedil;&atilde;o do Conselho Universit&aacute;rio. A previs&atilde;o mais otimista &eacute; a de que o primeiro vestibular para o novo curso se realize em 2009. <\/p>\n<p>A Licenciatura em Educomunica&ccedil;&atilde;o destina-se a formar um profissional capaz de atender as demandas por um especialista na interface Comunica&ccedil;&atilde;o\/Educa&ccedil;&atilde;o, tanto no ensino formal (doc&ecirc;ncia e assessoria no ensino formal) quanto nos organismos da sociedade voltados para a an&aacute;lise e o uso da m&iacute;dia com finalidades educativas (assessoria e coordena&ccedil;&atilde;o de programas em ONGs, meios de comunica&ccedil;&atilde;o, centros de tecnologia, entre outros). <\/p>\n<p>O projeto da ECA\/USP tem como fundamento o trabalho consolidado dos pesquisadores e professores do Departamento de Comunica&ccedil;&otilde;es e Artes da USP, assim como as pesquisas e os projetos educomunicativos do N&uacute;cleo de Comunica&ccedil;&atilde;o e Educa&ccedil;&atilde;o, NCE-USP. Segundo foi descrito durante a sess&atilde;o da Congrega&ccedil;&atilde;o que apreciou o projeto, a ECA\/USP conta, hoje, com um acervo de mais de 55 disserta&ccedil;&otilde;es e teses sobre o tema ou que fazem refer&ecirc;ncia &agrave; educomunica&ccedil;&atilde;o; mant&eacute;m uma linha de pesquisa sobre o assunto, no programa de p&oacute;s-gradua&ccedil;&atilde;o em comunica&ccedil;&atilde;o; tendo atendido, entre 2000 e 2007, mais de 20 mil pessoas nos cursos de extens&atilde;o e aperfei&ccedil;oamento, al&eacute;m de incluir o conceito entre os fundamentos do programa do Curso de Gest&atilde;o da Comunica&ccedil;&atilde;o, mantido pelo CCA-CA\/USP h&aacute; 12 anos.<\/p>\n","protected":false},"excerpt":{"rendered":"<p>A Congrega&ccedil;&atilde;o da Escola de Comunica&ccedil;&otilde;es e Artes da Universidade de S&atilde;o Paulo aprovou, no dia 30 de maio, pela unanimidade dos representantes dos funcion&aacute;rios e professores, a primeira Licenciatura em Educomunica&ccedil;&atilde;o do pa&iacute;s.<\/p>\n","protected":false},"author":1,"featured_media":0,"comment_status":"open","ping_status":"open","sticky":false,"template":"","format":"standard","meta":{"footnotes":""},"categories":[40],"tags":[94],"_links":{"self":[{"href":"https:\/\/obscom.intervozes.org.br\/index.php?rest_route=\/wp\/v2\/posts\/18496"}],"collection":[{"href":"https:\/\/obscom.intervozes.org.br\/index.php?rest_route=\/wp\/v2\/posts"}],"about":[{"href":"https:\/\/obscom.intervozes.org.br\/index.php?rest_route=\/wp\/v2\/types\/post"}],"author":[{"embeddable":true,"href":"https:\/\/obscom.intervozes.org.br\/index.php?rest_route=\/wp\/v2\/users\/1"}],"replies":[{"embeddable":true,"href":"https:\/\/obscom.intervozes.org.br\/index.php?rest_route=%2Fwp%2Fv2%2Fcomments&post=18496"}],"version-history":[{"count":0,"href":"https:\/\/obscom.intervozes.org.br\/index.php?rest_route=\/wp\/v2\/posts\/18496\/revisions"}],"wp:attachment":[{"href":"https:\/\/obscom.intervozes.org.br\/index.php?rest_route=%2Fwp%2Fv2%2Fmedia&parent=18496"}],"wp:term":[{"taxonomy":"category","embeddable":true,"href":"https:\/\/obscom.intervozes.org.br\/index.php?rest_route=%2Fwp%2Fv2%2Fcategories&post=18496"},{"taxonomy":"post_tag","embeddable":true,"href":"https:\/\/obscom.intervozes.org.br\/index.php?rest_route=%2Fwp%2Fv2%2Ftags&post=18496"}],"curies":[{"name":"wp","href":"https:\/\/api.w.org\/{rel}","templated":true}]}}