{"id":18489,"date":"2007-06-06T15:19:42","date_gmt":"2007-06-06T15:19:42","guid":{"rendered":"https:\/\/obscom.intervozes.org.br\/wordpress\/?p=18489"},"modified":"2016-06-01T17:53:14","modified_gmt":"2016-06-01T17:53:14","slug":"propaganda-televisiva-de-cerveja-gaucha-discrimina-mulheres-paulistas-e-as-compara-ao-produto","status":"publish","type":"post","link":"https:\/\/obscom.intervozes.org.br\/?p=18489","title":{"rendered":"Propaganda televisiva de cerveja ga\u00facha discrimina mulheres paulistas e \u00e0s compara ao produto"},"content":{"rendered":"<p><span>A Cervejaria Polar, uma das l&iacute;deres do mercado de cervejas no Rio Grande do Sul, t&ecirc;m veiculado nas TVs locais propaganda com conte&uacute;do discriminat&oacute;rio contra mulheres paulistas. A den&uacute;ncia, enviada pela jornalista Maria [nome fict&iacute;cio], paulista residente em Porto Alegre, descreve que os an&uacute;ncios colocam as paulistas em situa&ccedil;&atilde;o constrangedora ao serem preteridas por ga&uacute;chos que n&atilde;o gostam de S&atilde;o Paulo. Al&eacute;m da discrimina&ccedil;&atilde;o, a propaganda, numa atitude evidentemente machista, compara as mulheres ao produto, em alus&atilde;o &agrave;s cervejas fabricadas em S&atilde;o Paulo e no Rio Grande do Sul. Confira trecho da den&uacute;ncia enviada por Maria:<br \/><\/span><span><br \/><\/span><span>&ldquo;A cerveja Polar veicula um an&uacute;ncio na TV sobre o produto, que &eacute; ga&uacute;cho, no qual apresenta duas mo&ccedil;as paulistas que vem a se casar com ga&uacute;chos. Mas eles n&atilde;o gostam de S&atilde;o Paulo e por fim separam-se delas. Em seguida, ao conhecer outras gurias num bar, j&aacute; v&atilde;o perguntando se elas s&atilde;o daqui [do Rio Grande do Sul]&rdquo;.<\/p>\n<p>A den&uacute;ncia foi enviada no in&iacute;cio de junho de 2007.<\/span><\/p>\n","protected":false},"excerpt":{"rendered":"<p>A Cervejaria Polar t\u00eam veiculado nas TVs locais (RS) propaganda com conte\u00fado discriminat\u00f3rio contra mulheres paulistas. Al\u00e9m da discrimina\u00e7\u00e3o, a propaganda \u00e9 machista, pois compara as mulheres ao produto.<\/p>\n","protected":false},"author":1,"featured_media":0,"comment_status":"open","ping_status":"open","sticky":false,"template":"","format":"standard","meta":{"footnotes":""},"categories":[42],"tags":[],"_links":{"self":[{"href":"https:\/\/obscom.intervozes.org.br\/index.php?rest_route=\/wp\/v2\/posts\/18489"}],"collection":[{"href":"https:\/\/obscom.intervozes.org.br\/index.php?rest_route=\/wp\/v2\/posts"}],"about":[{"href":"https:\/\/obscom.intervozes.org.br\/index.php?rest_route=\/wp\/v2\/types\/post"}],"author":[{"embeddable":true,"href":"https:\/\/obscom.intervozes.org.br\/index.php?rest_route=\/wp\/v2\/users\/1"}],"replies":[{"embeddable":true,"href":"https:\/\/obscom.intervozes.org.br\/index.php?rest_route=%2Fwp%2Fv2%2Fcomments&post=18489"}],"version-history":[{"count":1,"href":"https:\/\/obscom.intervozes.org.br\/index.php?rest_route=\/wp\/v2\/posts\/18489\/revisions"}],"predecessor-version":[{"id":29424,"href":"https:\/\/obscom.intervozes.org.br\/index.php?rest_route=\/wp\/v2\/posts\/18489\/revisions\/29424"}],"wp:attachment":[{"href":"https:\/\/obscom.intervozes.org.br\/index.php?rest_route=%2Fwp%2Fv2%2Fmedia&parent=18489"}],"wp:term":[{"taxonomy":"category","embeddable":true,"href":"https:\/\/obscom.intervozes.org.br\/index.php?rest_route=%2Fwp%2Fv2%2Fcategories&post=18489"},{"taxonomy":"post_tag","embeddable":true,"href":"https:\/\/obscom.intervozes.org.br\/index.php?rest_route=%2Fwp%2Fv2%2Ftags&post=18489"}],"curies":[{"name":"wp","href":"https:\/\/api.w.org\/{rel}","templated":true}]}}