{"id":18486,"date":"2007-06-05T17:22:22","date_gmt":"2007-06-05T17:22:22","guid":{"rendered":"https:\/\/obscom.intervozes.org.br\/wordpress\/?p=18486"},"modified":"2014-09-07T02:53:27","modified_gmt":"2014-09-07T02:53:27","slug":"segundo-tecnicos-interferencia-das-radios-comerciais-e-maior","status":"publish","type":"post","link":"https:\/\/obscom.intervozes.org.br\/?p=18486","title":{"rendered":"Segundo t\u00e9cnicos, interfer\u00eancia das r\u00e1dios comerciais \u00e9 maior"},"content":{"rendered":"<p>No &uacute;ltimo dia 30 de maio, durante o 24&ordm; Congresso Brasileiro da Radiodifus&atilde;o promovido pela Abert &ndash; Associa&ccedil;&atilde;o Brasileira de Emissoras de R&aacute;dio e Televis&atilde;o, o ministro das Comunica&ccedil;&otilde;es, H&eacute;lio Costa (PMDB), sinalizou com um recrudescimento da repress&atilde;o &agrave;s r&aacute;dios comunit&aacute;rias, com o argumento de que estas interferem na comunica&ccedil;&atilde;o aeron&aacute;utica. &ldquo;A partir de hoje estamos pedindo &agrave; Justi&ccedil;a que penalize tamanha falta de respeito. A pena para quem infringe a lei &eacute; de at&eacute; dois anos de cadeia. Ningu&eacute;m tem o direito de colocar a vida de outras pessoas em risco&rdquo; afirmou. O ministro baseou sua argumenta&ccedil;&atilde;o nos acontecimentos do dia 29 de maio, quando os aeroportos de Cumbica e Congonhas (SP) paralisaram suas opera&ccedil;&otilde;es por seis minutos devido &agrave; interfer&ecirc;ncias de r&aacute;dio em sua comunica&ccedil;&atilde;o com as aeronaves. &nbsp;<\/p>\n<p>Mas, segundo o jornalista Wellington Costa, especialista em radiodifus&atilde;o comunit&aacute;ria, identificar apenas as r&aacute;dios n&atilde;o outorgadas de baixa pot&ecirc;ncia como interferentes na comunica&ccedil;&atilde;o aeron&aacute;utica &eacute; problem&aacute;tico. &ldquo;Qualquer sinal de r&aacute;dio pode interferir. Assim como a alta umidade, descargas el&eacute;tricas, raios solares e outros fatores da natureza podem prejudicar a qualidade de recep&ccedil;&atilde;o do sinal entre torre e aeronave&rdquo;, afirma o jornalista.<\/p>\n<p><strong>Globo tamb&eacute;m interfere em aeroportos<\/p>\n<p><\/strong>Den&uacute;ncias de problemas referentes &agrave;s emissoras comerciais s&atilde;o comuns e corroboram a tese do jornalista. Exemplos dessas interfer&ecirc;ncias podem ser encontrados no relat&oacute;rio do Grupo de Trabalho Interministerial constitu&iacute;do pelo governo federal para estudar quest&otilde;es relativas &agrave;s r&aacute;dios comunit&aacute;rias. No relat&oacute;rio, entre outros casos, s&atilde;o citadas as interfer&ecirc;ncias sofridas no aeroporto Santos Dummont (RJ) por diversas r&aacute;dios comerciais, entre elas a R&aacute;dio Globo, cujo sinal interferiu nas comunica&ccedil;&otilde;es aeron&aacute;uticas de 15 de maio a 29 de outubro de 2003. <\/p>\n<p>Segundo um fiscal da Anatel &#8211; Ag&ecirc;ncia Nacional de Telecomunica&ccedil;&otilde;es entrevistado por este Observat&oacute;rio e que n&atilde;o quis se identificar, &ldquo;todo dia recebemos den&uacute;ncias de interfer&ecirc;ncias de r&aacute;dios outorgadas (ou seja, &ldquo;legais&rdquo;) na avia&ccedil;&atilde;o. Em menos de uma hora comunicamos para que resolvam. Agora, se &eacute; uma r&aacute;dio pirata, clandestina, n&atilde;o sabemos telefone, endere&ccedil;o, como &eacute; que entra em contato? Tem que chamar a pol&iacute;cia, voc&ecirc; j&aacute; vai armado, &eacute; crime&rdquo;. Contrariando os argumentos t&eacute;cnicos, no entanto, o ministro H&eacute;lio Costa atribui a responsabilidade dos problemas da comunica&ccedil;&atilde;o dos aeroportos com os pilotos unicamente &agrave;s r&aacute;dios consideradas ilegais. &nbsp;<\/p>\n<p>A posi&ccedil;&atilde;o de H&eacute;lio Costa &#8211; que mais uma vez coincide com a da Abert &#8211; n&atilde;o encontra abrigo nem nos empres&aacute;rios da avia&ccedil;&atilde;o civil. O presidente da GOL, Constantino Oliveira J&uacute;nior, por exemplo, afirmou aos deputados e senadores da CPI do Apag&atilde;o A&eacute;reo que&nbsp; &ldquo;a interfer&ecirc;ncia de r&aacute;dios ilegais na comunica&ccedil;&atilde;o do piloto com a torre n&atilde;o p&otilde;e em risco o v&ocirc;o, j&aacute; que o piloto troca a freq&uuml;&ecirc;ncia ou faz ponte com outras aeronaves&quot;. &nbsp;<\/p>\n<p><strong>Potencial de interfer&ecirc;ncia das comerciais &eacute; maior<\/p>\n<p><\/strong>Engenheiros especializados em telecomunica&ccedil;&otilde;es tamb&eacute;m desmentem Costa e a Abert. Marcus Manh&atilde;es, do CPqD &#8211; Centro de Pesquisa e Desenvolvimento em Telecomunica&ccedil;&otilde;es, afirma que a acusa&ccedil;&atilde;o n&atilde;o est&aacute; fundamentada no entendimento t&eacute;cnico da quest&atilde;o, al&eacute;m de ser preconceituosa. Segundo o engenheiro, qualquer transmiss&atilde;o tem potencial de ser interferente, seja de r&aacute;dio comercial, comunit&aacute;ria ou ilegal. &ldquo;Utilizando essa como&ccedil;&atilde;o dos acidentes a&eacute;reos fica muito f&aacute;cil atribuir responsabilidade para quem &eacute; mais fraco. Se o Minist&eacute;rio P&uacute;blico quiser resolver essa quest&atilde;o tem que verificar, al&eacute;m das n&atilde;o autorizadas, as emissoras comerciais, sua pot&ecirc;ncia e o local onde colocam suas antenas&rdquo;, diz. &nbsp;<\/p>\n<p>Manh&atilde;es ressalta que uma r&aacute;dio, seja ela autorizada ou n&atilde;o, que opere com pot&ecirc;ncia de at&eacute; 25 watts (a pot&ecirc;ncia autorizada para as r&aacute;dios comunit&aacute;rias) e a uma dist&acirc;ncia de no m&iacute;nimo um quil&ocirc;metro e meio dos aeroportos jamais poder&aacute; interferir na freq&uuml;&ecirc;ncia utilizada pela avia&ccedil;&atilde;o. E que, mesmo que estejam mais pr&oacute;ximas ou operando com pot&ecirc;ncia acima de 25 watts, s&oacute; poder&atilde;o faz&ecirc;-lo de fato se seu sinal for impulsionado por pelo menos outro de pot&ecirc;ncia mais forte, proveniente de uma r&aacute;dio comercial. Ou seja, uma r&aacute;dio comunit&aacute;ria jamais pode interferir sozinha numa transmiss&atilde;o aeron&aacute;utica, ao contr&aacute;rio das comerciais. &ldquo;As comunit&aacute;rias com pot&ecirc;ncia baixa t&ecirc;m o menor potencial de ser interferente. As r&aacute;dios comerciais, por trabalharem com pot&ecirc;ncias muito superiores, s&atilde;o as potencialmente interferentes&rdquo;, afirma o t&eacute;cnico do CPqD.&nbsp;<\/p>\n<p><a href=\"http:\/\/localhost\/intervozes_direitoacomunicacao\/wordpress\/?p=17943\">*&nbsp;Para acessar um texto do engenheiro Marcos Manh&atilde;es sobre as interfer&ecirc;ncias nos sistemas de comunica&ccedil;&atilde;o aeron&aacute;utica, clique aqui.<\/a><\/p>\n<p>&nbsp;<\/p>\n<p><font size=\"3\"><img loading=\"lazy\" decoding=\"async\" src=\"images\/stories\/politica_publicacoes\/c_invertido_pq.png\" alt=\"Active Image\" width=\"15\" height=\"15\" \/>&nbsp;<\/font>publica&ccedil;&atilde;o autorizada, desde que citada a fonte original.<\/p>\n","protected":false},"excerpt":{"rendered":"<p>Enquanto o ministro das Comunica\u00e7\u00f5es sinaliza com o recrudescimento da repress\u00e3o \u00e0s r\u00e1dios comunit\u00e1rias, especialistas e engenheiros afirmam que as emissoras comerciais de alta pot\u00eancia s\u00e3o as que mais causam interfer\u00eancias nas comunica\u00e7\u00f5es dos aeroportos.<\/p>\n","protected":false},"author":1,"featured_media":0,"comment_status":"open","ping_status":"open","sticky":false,"template":"","format":"standard","meta":{"footnotes":""},"categories":[40],"tags":[273],"_links":{"self":[{"href":"https:\/\/obscom.intervozes.org.br\/index.php?rest_route=\/wp\/v2\/posts\/18486"}],"collection":[{"href":"https:\/\/obscom.intervozes.org.br\/index.php?rest_route=\/wp\/v2\/posts"}],"about":[{"href":"https:\/\/obscom.intervozes.org.br\/index.php?rest_route=\/wp\/v2\/types\/post"}],"author":[{"embeddable":true,"href":"https:\/\/obscom.intervozes.org.br\/index.php?rest_route=\/wp\/v2\/users\/1"}],"replies":[{"embeddable":true,"href":"https:\/\/obscom.intervozes.org.br\/index.php?rest_route=%2Fwp%2Fv2%2Fcomments&post=18486"}],"version-history":[{"count":1,"href":"https:\/\/obscom.intervozes.org.br\/index.php?rest_route=\/wp\/v2\/posts\/18486\/revisions"}],"predecessor-version":[{"id":27739,"href":"https:\/\/obscom.intervozes.org.br\/index.php?rest_route=\/wp\/v2\/posts\/18486\/revisions\/27739"}],"wp:attachment":[{"href":"https:\/\/obscom.intervozes.org.br\/index.php?rest_route=%2Fwp%2Fv2%2Fmedia&parent=18486"}],"wp:term":[{"taxonomy":"category","embeddable":true,"href":"https:\/\/obscom.intervozes.org.br\/index.php?rest_route=%2Fwp%2Fv2%2Fcategories&post=18486"},{"taxonomy":"post_tag","embeddable":true,"href":"https:\/\/obscom.intervozes.org.br\/index.php?rest_route=%2Fwp%2Fv2%2Ftags&post=18486"}],"curies":[{"name":"wp","href":"https:\/\/api.w.org\/{rel}","templated":true}]}}