{"id":18481,"date":"2007-06-05T15:29:34","date_gmt":"2007-06-05T15:29:34","guid":{"rendered":"https:\/\/obscom.intervozes.org.br\/wordpress\/?p=18481"},"modified":"2007-06-05T15:29:34","modified_gmt":"2007-06-05T15:29:34","slug":"senador-quer-regras-para-producao-e-programacao","status":"publish","type":"post","link":"https:\/\/obscom.intervozes.org.br\/?p=18481","title":{"rendered":"Senador quer regras para produ\u00e7\u00e3o e programa\u00e7\u00e3o"},"content":{"rendered":"<p><span>Com o projeto de lei de mais amplas implica&ccedil;&otilde;es j&aacute; apresentado por um parlamentar sobre a quest&atilde;o da regulamenta&ccedil;&atilde;o da produ&ccedil;&atilde;o, programa&ccedil;&atilde;o e provimento de conte&uacute;dos em qualquer meio eletr&ocirc;nico, o senador Flexa Ribeiro (PSDB\/PA) prop&otilde;e mudan&ccedil;as na lei do servi&ccedil;o de TV a cabo, na medida provis&oacute;ria 2.228\/01, que estabelece a regulamenta&ccedil;&atilde;o seguida pela Ancine (Ag&ecirc;ncia Nacional do Cinema) e coloca uma s&eacute;rie de obriga&ccedil;&otilde;es a empresas de telecomunica&ccedil;&otilde;es e Internet. Trata-se do PLS 280\/2007, atualmente em tramita&ccedil;&atilde;o na Comiss&atilde;o de Educa&ccedil;&atilde;o do Senado, sob a relatoria do senador S&eacute;rgio Zambiasi (PTB\/RS).<\/p>\n<p><\/span><span>O projeto do senador Flexa Ribeiro utiliza muitos dos conceitos e recursos que foram explorados na legislatura anterior pelo ex-deputado Luiz Piauhylino e pelo ex-senador Maguito Vilela em projetos que acabaram engavetados por conta da n&atilde;o-reelei&ccedil;&atilde;o dos parlamentares. Mas tamb&eacute;m repete em alguns aspectos o projeto de lei 70\/2007, do deputado Nelson Marquezelli (PTB\/SP), atualmente em tramita&ccedil;&atilde;o na C&acirc;mara. O senador Flexa Ribeiro mostra-se perfeitamente alinhado com todos os principais pleitos dos radiodifusores, evidenciados ao longo dos &uacute;ltimos meses mas, especialmente, na semana passada, durante o congresso anual da Abert (Associa&ccedil;&atilde;o Brasileira de Emissoras de R&aacute;dio e Televis&atilde;o).<\/span><span><\/p>\n<p>Entre os principais pontos do projeto do senador Flexa est&atilde;o: <\/span><span>&nbsp;<\/p>\n<p><\/span><span>1) As atividades de produzir, programar e prover conte&uacute;do brasileiro para distribui&ccedil;&atilde;o por meio eletr&ocirc;nico, independentemente das tecnologias utilizadas (incluindo Internet, celular e qualquer outro meio), s&atilde;o privativas de brasileiros natos ou naturalizados h&aacute; mais de dez anos, ou empresas jur&iacute;dicas nas quais ao menos 51% do capital total e do capital votante perten&ccedil;am, direta ou indiretamente, a brasileiros natos ou naturalizados. <\/span><span>&nbsp;<\/p>\n<p><\/span><span>2) A gest&atilde;o das empresas que fa&ccedil;am a sele&ccedil;&atilde;o, dire&ccedil;&atilde;o e controle efetivo da produ&ccedil;&atilde;o, programa&ccedil;&atilde;o e provimento de conte&uacute;do, bem como a responsabilidade editorial, s&atilde;o privativos do s&oacute;cio ou grupo de s&oacute;cios controladores brasileiros, exercida diretamente ou por meio de representantes brasileiros natos ou naturalizados h&aacute; mais de dez anos.<\/span><span>&nbsp;<\/p>\n<p><\/span><span>3) As teles ficam sujeitas &agrave; multa de R$ 100 mil a R$ 5 milh&otilde;es por infra&ccedil;&atilde;o, a ser imposta pela Anatel em caso de descumprimento da lei. E caso a infra&ccedil;&atilde;o seja cometida por prestadora de servi&ccedil;os de telecomunica&ccedil;&otilde;es ou por sua controladora, controlada, ou coligada, tamb&eacute;m h&aacute; san&ccedil;&atilde;o de caducidade da concess&atilde;o ou da autoriza&ccedil;&atilde;o em caso de reincid&ecirc;ncia. O projeto do senador Flexa Ribeiro tamb&eacute;m prev&ecirc; que ser&aacute; considerada presta&ccedil;&atilde;o ilegal de servi&ccedil;o de telecomunica&ccedil;&otilde;es a desobedi&ecirc;ncia &agrave; lei proposta, o que &eacute; pass&iacute;vel de pris&atilde;o.<\/span><span>&nbsp;<\/p>\n<p><\/span><span>4) A Lei do Cabo (Lei 8.977\/95) &eacute; alterada em seu par&aacute;grafo 4.&ordm; do artigo 23 de modo que acaba a obriga&ccedil;&atilde;o das operadoras de cabo de levarem os sinais das geradoras de TV aberta. Na reda&ccedil;&atilde;o proposta pelo senador, o par&aacute;grafo alterado ficaria assim: &quot;As geradoras locais de TV poder&atilde;o, a seu exclusivo crit&eacute;rio, restringir a distribui&ccedil;&atilde;o dos seus sinais&quot;.<\/span><span>&nbsp;<\/p>\n<p><\/span><span>5) O projeto do senador tamb&eacute;m limita &agrave;s concession&aacute;rias de telefonia fixa (STFC) na modalidade local a presta&ccedil;&atilde;o do servi&ccedil;o de TV a cabo em suas respectivas &aacute;reas de concess&atilde;o &quot;ap&oacute;s dez anos da edi&ccedil;&atilde;o desta lei, salvo nas localidades em que n&atilde;o exista outorga em vigor&quot;.<\/span><span>&nbsp;<\/p>\n<p><\/span><span>6) O projeto ainda prop&otilde;e a revoga&ccedil;&atilde;o do inciso II do artigo 7&ordm; da Lei do Cabo. &Eacute; o inciso que limita a 49% do capital votante o total que pode ser controlado por empresas estrangeiras nas concession&aacute;rias de cabo.<\/span><span>&nbsp;<\/p>\n<p><\/span><span>7) O projeto ainda muda as defini&ccedil;&otilde;es de programadora, programa&ccedil;&atilde;o internacional e programadora internacional definidas pela MP 2.228\/01. Pela proposta do senador Flexa Ribeiro, programa&ccedil;&atilde;o e provimento passam a ser &quot;a atividade de sele&ccedil;&atilde;o, organiza&ccedil;&atilde;o ou formata&ccedil;&atilde;o de conte&uacute;do em canais, s&iacute;tios em redes interligadas de computadores ou qualquer outra modalidade de apresenta&ccedil;&atilde;o em meios eletr&ocirc;nicos, bem como a defini&ccedil;&atilde;o das condi&ccedil;&otilde;es de sua explora&ccedil;&atilde;o comercial, incluindo a&iacute; a interatividade, a venda de publicidade e a entrega para posterior distribui&ccedil;&atilde;o por meio eletr&ocirc;nico&quot;.<\/span><span>&nbsp;<\/p>\n<p><\/span><span>8) Na defini&ccedil;&atilde;o do projeto, conte&uacute;do brasileiro &eacute; qualquer um que seja: a) direcionado originalmente ao p&uacute;blico brasileiro, em especial quando produzido em l&iacute;ngua portuguesa, no todo ou em parte significativa, inclusive por meio de dublagem; ou b) que envolva participa&ccedil;&atilde;o significativa de profissionais brasileiros, tais como autores, roteiristas, diretores, jornalistas, apresentadores, locutores, atores ou outros artistas; ou c) que contenha sons e imagens da transmiss&atilde;o de eventos realizados no territ&oacute;rio nacional ou dos quais brasileiros participem de forma preponderante, nos campos cultural, art&iacute;stico ou desportivo.<\/span><span>&nbsp;<\/p>\n<p><\/span><span><strong>Sentimento de brasilidade<\/p>\n<p><\/strong><\/span><span>Nas justificativas ao projeto, o senador diz que os avan&ccedil;os da tecnologia trazem um risco: &quot;sem obstaculizar o progresso, &eacute; preciso n&atilde;o sucumbir &agrave; ideologia tecnol&oacute;gica que consiste em acreditar que &eacute; a tecnologia que faz a comunica&ccedil;&atilde;o. O progresso tecnol&oacute;gico melhora significativamente as comunica&ccedil;&otilde;es, mas os aspectos mais importantes est&atilde;o nos elementos culturais e sociais. <\/span>Ou seja, no conte&uacute;do&quot;.<span><\/p>\n<p>Em uma das passagens da justificativa que acompanha o projeto, Flexa Ribeiro reflete sobre os sentimentos que, segundo ele, permeiam a alma brasileira. &quot;Apesar de nossas dificuldades, que n&atilde;o s&atilde;o poucas, os brasileiros de todas as classes sociais gostam do Brasil. Cantam, riem, dan&ccedil;am, celebram, comovem-se, solidarizam-se e choram em conjunto. Saem, viajam, t&ecirc;m saudades e voltam. Identificam-se fortemente com o esporte, com a m&uacute;sica, com a comida, com as religi&otilde;es e seitas, com a l&iacute;ngua portuguesa, com a amizade e solidariedade. Comungam sentimentos de identidade. Esse bem de valor inestim&aacute;vel tem nome: integra&ccedil;&atilde;o; identidade; cultura; hist&oacute;ria. Brasilidade. E mesmo vivendo suas dificuldades cotidianas, os brasileiros n&atilde;o querem perder essa brasilidade. <\/p>\n<p>Na globaliza&ccedil;&atilde;o de nosso planeta, os brasileiros querem ser participantes ativos em uma sociedade que reflita suas vidas e seus valores&quot;.<br \/><\/span><span><br \/>O senador ainda elogia as iniciativas da MPA (Motion Pictures Association of America) no resguardo do mercado audiovisual norte-americano, e reconhece este trabalho como um ato soberano. Elogia ainda iniciativas como o ProCult (programa de financiamento de obras de car&aacute;ter cultural do BNDES).<\/p>\n<p><\/span><\/p>\n<p style=\"margin: 0cm 0cm 0pt\" class=\"MsoNormal\"><span><a href=\"http:\/\/www.teletime.com.br\/arquivo\/PLS_280-07.pdf\">Confira a &iacute;ntegra do projeto clicando aqui.<\/a><\/span><\/p>\n<p style=\"margin: 0cm 0cm 0pt\" class=\"MsoNormal\"><span><\/p>\n<p><img loading=\"lazy\" decoding=\"async\" src=\"images\/stories\/politica_publicacoes\/c_normal_pq.png\" alt=\"Active Image\" width=\"15\" height=\"15\" \/>&nbsp;publica&ccedil;&atilde;o autorizada.<\/span><\/p>\n","protected":false},"excerpt":{"rendered":"<p>Com o projeto de lei de mais amplas implica&ccedil;&otilde;es j&aacute; apresentado por um parlamentar sobre a quest&atilde;o da regulamenta&ccedil;&atilde;o da produ&ccedil;&atilde;o, programa&ccedil;&atilde;o e provimento de conte&uacute;dos em qualquer meio eletr&ocirc;nico, o senador Flexa Ribeiro (PSDB\/PA) prop&otilde;e mudan&ccedil;as na lei do servi&ccedil;o de TV a cabo, na medida provis&oacute;ria 2.228\/01, que estabelece a regulamenta&ccedil;&atilde;o seguida pela &hellip; <a href=\"https:\/\/obscom.intervozes.org.br\/?p=18481\" class=\"more-link\">Continue lendo <span class=\"screen-reader-text\">Senador quer regras para produ\u00e7\u00e3o e programa\u00e7\u00e3o<\/span> <span class=\"meta-nav\">&rarr;<\/span><\/a><\/p>\n","protected":false},"author":1,"featured_media":0,"comment_status":"open","ping_status":"open","sticky":false,"template":"","format":"standard","meta":{"footnotes":""},"categories":[40],"tags":[95],"_links":{"self":[{"href":"https:\/\/obscom.intervozes.org.br\/index.php?rest_route=\/wp\/v2\/posts\/18481"}],"collection":[{"href":"https:\/\/obscom.intervozes.org.br\/index.php?rest_route=\/wp\/v2\/posts"}],"about":[{"href":"https:\/\/obscom.intervozes.org.br\/index.php?rest_route=\/wp\/v2\/types\/post"}],"author":[{"embeddable":true,"href":"https:\/\/obscom.intervozes.org.br\/index.php?rest_route=\/wp\/v2\/users\/1"}],"replies":[{"embeddable":true,"href":"https:\/\/obscom.intervozes.org.br\/index.php?rest_route=%2Fwp%2Fv2%2Fcomments&post=18481"}],"version-history":[{"count":0,"href":"https:\/\/obscom.intervozes.org.br\/index.php?rest_route=\/wp\/v2\/posts\/18481\/revisions"}],"wp:attachment":[{"href":"https:\/\/obscom.intervozes.org.br\/index.php?rest_route=%2Fwp%2Fv2%2Fmedia&parent=18481"}],"wp:term":[{"taxonomy":"category","embeddable":true,"href":"https:\/\/obscom.intervozes.org.br\/index.php?rest_route=%2Fwp%2Fv2%2Fcategories&post=18481"},{"taxonomy":"post_tag","embeddable":true,"href":"https:\/\/obscom.intervozes.org.br\/index.php?rest_route=%2Fwp%2Fv2%2Ftags&post=18481"}],"curies":[{"name":"wp","href":"https:\/\/api.w.org\/{rel}","templated":true}]}}