{"id":18479,"date":"2007-06-05T15:17:38","date_gmt":"2007-06-05T15:17:38","guid":{"rendered":"https:\/\/obscom.intervozes.org.br\/wordpress\/?p=18479"},"modified":"2007-06-05T15:17:38","modified_gmt":"2007-06-05T15:17:38","slug":"abertas-as-inscricoes-para-o-premio-vladimir-herzog-de-anistia-e-direitos-humanos","status":"publish","type":"post","link":"https:\/\/obscom.intervozes.org.br\/?p=18479","title":{"rendered":"Abertas as inscri\u00e7\u00f5es para o Pr\u00eamio Vladimir Herzog de Anistia e Direitos Humanos"},"content":{"rendered":"<p>Para marcar o Dia da Imprensa, comemorado nesta sexta-feira,dia 1&ordm;, foram abertas as inscri&ccedil;&otilde;es para a 29&ordf; edi&ccedil;&atilde;o do Pr&ecirc;mio Jornal&iacute;stico Vladimir Herzog de Anistia e Direitos Humanos e para o III Pr&ecirc;mio Vladimir Herzog de Novos Talentos do Jornalismo, voltado para estudantes. <\/p>\n<p>O pr&ecirc;mio, institu&iacute;do quatro anos depois do assassinato de Vladopor agentes da ditadura militar, &eacute; o principal do jornalismo brasileiro voltado para o tema dos direitos humanos. Neste ano, a premia&ccedil;&atilde;o acontece em meio &agrave;s comemora&ccedil;&otilde;es dos 70 anos de funda&ccedil;&atilde;o do Sindicato dos Jornalistas Profissionais no Estado de S&atilde;o Paulo e tamb&eacute;m de nascimento de Herzog, em 27 de junho de 1937. <\/p>\n<p>Os trabalhos de profissionais podem ser inscritos at&eacute; 25 de agosto, &agrave; exce&ccedil;&atilde;o daqueles pertencentes &agrave; categoria Livro-reportagem, cujo prazo termina em 20 de julho. No caso do Pr&ecirc;mio de Novos Talentos, as inscri&ccedil;&otilde;es v&atilde;o at&eacute; 20 de setembro e podem concorrer estudantes de Jornalismo das faculdades do Estado de S&atilde;o Paulo que tenham veiculado mat&eacute;rias sobre direitos humanos em jornais-laborat&oacute;rio entre setembro de 2006 e setembro de 2007. <\/p>\n<p>Para conhecer os regulamentos e as categorias de inscri&ccedil;&atilde;o, acesse <a href=\"http:\/\/www.jornalistasp.org.br\/\">www.jornalistasp.org.br<\/a>. <\/p>\n<p>Os pr&ecirc;mios s&atilde;o uma realiza&ccedil;&atilde;o do Sindicato dos Jornalistas Profissionais no Estado de S&atilde;o Paulo, em parceria com a ABI, a Fenaj, a Comiss&atilde;o de Direitos Humanos da OAB\/SP, a Arquidiocese de S&atilde;o Paulo e a fam&iacute;lia Herzog. <\/p>\n","protected":false},"excerpt":{"rendered":"<p>O pr\u00eamio, institu\u00eddo quatro anos depois do assassinato de Vladopor agentes da ditadura militar, \u00e9 o principal do jornalismo brasileiro voltado para o tema dos direitos humanos.<\/p>\n","protected":false},"author":1,"featured_media":0,"comment_status":"open","ping_status":"open","sticky":false,"template":"","format":"standard","meta":{"footnotes":""},"categories":[40],"tags":[272],"_links":{"self":[{"href":"https:\/\/obscom.intervozes.org.br\/index.php?rest_route=\/wp\/v2\/posts\/18479"}],"collection":[{"href":"https:\/\/obscom.intervozes.org.br\/index.php?rest_route=\/wp\/v2\/posts"}],"about":[{"href":"https:\/\/obscom.intervozes.org.br\/index.php?rest_route=\/wp\/v2\/types\/post"}],"author":[{"embeddable":true,"href":"https:\/\/obscom.intervozes.org.br\/index.php?rest_route=\/wp\/v2\/users\/1"}],"replies":[{"embeddable":true,"href":"https:\/\/obscom.intervozes.org.br\/index.php?rest_route=%2Fwp%2Fv2%2Fcomments&post=18479"}],"version-history":[{"count":0,"href":"https:\/\/obscom.intervozes.org.br\/index.php?rest_route=\/wp\/v2\/posts\/18479\/revisions"}],"wp:attachment":[{"href":"https:\/\/obscom.intervozes.org.br\/index.php?rest_route=%2Fwp%2Fv2%2Fmedia&parent=18479"}],"wp:term":[{"taxonomy":"category","embeddable":true,"href":"https:\/\/obscom.intervozes.org.br\/index.php?rest_route=%2Fwp%2Fv2%2Fcategories&post=18479"},{"taxonomy":"post_tag","embeddable":true,"href":"https:\/\/obscom.intervozes.org.br\/index.php?rest_route=%2Fwp%2Fv2%2Ftags&post=18479"}],"curies":[{"name":"wp","href":"https:\/\/api.w.org\/{rel}","templated":true}]}}